{"id":104,"date":"2007-02-05T09:37:42","date_gmt":"2007-02-05T07:37:42","guid":{"rendered":"http:\/\/www.fabiotordi.it\/?p=103"},"modified":"2007-02-05T09:37:42","modified_gmt":"2007-02-05T07:37:42","slug":"pax","status":"publish","type":"post","link":"https:\/\/www.fabiotordi.it\/blog\/?p=104","title":{"rendered":"Pax"},"content":{"rendered":"<p>In questi giorni ho letto che i vescovi hanno detto che <strong>la legge sui cosiddetti Pacs \u00e8<\/strong> &#8220;<em><strong>superflua<\/strong><\/em>&#8220;. Io sono abbastanza d&#8217;accordo con loro e vi spiego il perch\u00e8.<\/p>\n<p><strong>Ero molto a digiuno di questa materia<\/strong>, cos\u00ec \u00e8 da qualche tempo che ne parlo con amici, <strong>anche via internet<\/strong>. L&#8217;idea che mi sono fatto \u00e8 la seguente. Per prima cosa una domanda: <strong>a cosa servirebbe una legge suelle coppie di fatto?<\/strong><br \/>\nRisposta: a <strong>regolarizzare<\/strong> quelle unioni che adesso non sono regolate e quindi a dare <strong>pi\u00f9 diritti alla coppia<\/strong>.<\/p>\n<p>Ma allora perch\u00e8 la coppia <strong>non si sposa?<\/strong> Se si sposasse acquisirebbe tutti i diritti che ci sono. Risposta (banale): <strong>la coppia non \u00e8 religiosa<\/strong> e\/o non pu\u00f2 sposarsi. Risposta (banale) alla risposta: <strong>i matrimoni si fanno anche in comune<\/strong>.<\/p>\n<p>Altra obiezione: si ma io non posso sposarmi perch\u00e8 <strong>sto divorziando<\/strong>. Oppure: io sono divorziato\/a, ho passato <strong>momenti d&#8217;inferno<\/strong> e non intendo pi\u00f9 sposarmi, per non correre il rishio di perdere altri anni negli studi di avvocati.<br \/>\nBenissimo, ma allora la cosa da fare non \u00e8 <strong>creare altre leggi<\/strong>, ma <strong>semplificare quelle esistenti<\/strong>, riguardanti il divorzio.<br \/>\nPer sposarti vai a fare due firme? E per divorziare facciamo altrettanto. Certo, non \u00e8 cos\u00ec facile in quanto dal momento del matrimonio la coppia ha acquisito una serie di <strong>diritti\/doveri <\/strong>in comune che sono sicuramente da regolamentare (per non parlare dei casi in cui c&#8217;\u00e8 della prole).. per\u00f2 se \u00e8 solo quello il problema secondo me si sta agendo nella direzione sbagliata.<\/p>\n<p>Altra obiezione: si ma <strong>in questo modo si tutelano i figli<\/strong>. Ne ho parlato col mio amico <strong>Massimo<\/strong>, che ha una compagna e tre figli, e <strong>non \u00e8 sposato<\/strong>. Lui mi ha confermato che <strong>i suoi figli sono tutelatissimi<\/strong>, non ha bisogno dei pacs, pertanto..<br \/>\nE il partner? Chi lo tutela? Beh, ripeto, <strong>c&#8217;\u00e8 il matrimonio<\/strong>.<\/p>\n<p>Mi sembra una cosa un po&#8217; egoistica: voglio avere gli stessi <strong>DIRITTI<\/strong> di chi \u00e8 sposato (casa, subentro, eredit\u00e0, assistenza sanitaria ecc.) ma non gli stessi <strong>DOVERI<\/strong> e gli stessi <strong>SBATTIMENTI<\/strong>. E beh allora perch\u00e8 poi uno dovrebbe sposarsi? Anzi se io fossi sposato chiederei di fare un <em>downgrade<\/em> ai pacs, eccheccavolo!!!<\/p>\n<p>Altra obiezione: e le <strong>coppie omosessuali?<\/strong> A beh allora facciamo una legge che istiuisca i <strong>matrimoni omossessuali<\/strong>, ocsa c&#8217;entrano i pacs? Ma non nascondiamoci dietro a un dito.<\/p>\n<p>Io sono&#8230; come si dice? liberale? liberista? libertario? Non lo so. Insomma io credo che, nei limiti della propria libert\u00e0, <strong>ognuno possa fare ci\u00f2 che vuole<\/strong>. Quindi se uno vuole convivere, che conviva, se uno vuol sposare una persona del proprio sesso, che lo faccia. Il mio \u00e8 un discorso di opportunit\u00e0 di fare una legge in pi\u00f9.<\/p>\n<p>Ora sembra che questi pacs li facciano. Per me, personalmente, va bene. Come ho spiegato non sono contro chi si vuole pacsare (<strong>anzi !<\/strong>), ma la ritengo una &#8220;furbata&#8221;, una scappatoia. E da buon italiano <strong>sono quindi favorevole<\/strong>: il giorno del poi del mese del mai che incontrer\u00f2 una fanciulla disposta a vivere con me, col piffero che la sposo, <strong>perch\u00e8 dovrei?<\/strong> Per spendere un mucchio di soldi e impelagarmi in una miriade di leggi e leggine? Ma va.<\/p>\n<div style=\"text-align: center\"><img decoding=\"async\" src=\"http:\/\/www.fabiotordi.it\/blog\/img\/20070205-pacs.jpg\" \/><\/div>\n<p>Lo so che sembra strano che prima pare che sono contro e poi a favore. Il riassunto del mio pensiero \u00e8: i pacs sono un surrogato &#8220;light&#8221; del matrimonio, a questo punto converrebbe modificare la legge sul matrimonio e sul divorzio. Se poi in parlamento non hanno voglia di faticare e faranno s&#8217;ti pacs.. e va beh allora usiamoli.<\/p>\n<p>Ne avevo discusso anche con gli amici di Lomb.it<\/p>\n<p><a href=\"http:\/\/www.lomb.it\/index.php?status=&#038;sub=10192&#038;giorno=2006-12-03\">http:\/\/www.lomb.it\/index.php?status=&#038;sub=10192&#038;giorno=2006-12-03<\/a><\/p>\n","protected":false},"excerpt":{"rendered":"<p>In questi giorni ho letto che i vescovi hanno detto che la legge sui cosiddetti Pacs \u00e8 &#8220;superflua&#8220;. Io sono abbastanza d&#8217;accordo con loro e vi spiego il perch\u00e8. Ero molto a digiuno di questa materia, cos\u00ec \u00e8 da qualche tempo che ne parlo con amici, anche via internet. L&#8217;idea che mi sono fatto \u00e8 [&hellip;]<\/p>\n","protected":false},"author":1,"featured_media":0,"comment_status":"open","ping_status":"closed","sticky":false,"template":"","format":"standard","meta":{"_uag_custom_page_level_css":"","footnotes":""},"categories":[17,20],"tags":[],"class_list":["post-104","post","type-post","status-publish","format-standard","hentry","category-politica","category-societa"],"uagb_featured_image_src":{"full":false,"thumbnail":false,"medium":false,"medium_large":false,"large":false,"1536x1536":false,"2048x2048":false,"post-thumbnail":false,"post-image":false,"post-image-cover":false,"tptn_thumbnail":false},"uagb_author_info":{"display_name":"Fabio","author_link":"https:\/\/www.fabiotordi.it\/blog\/?author=1"},"uagb_comment_info":0,"uagb_excerpt":"In questi giorni ho letto che i vescovi hanno detto che la legge sui cosiddetti Pacs \u00e8 &#8220;superflua&#8220;. Io sono abbastanza d&#8217;accordo con loro e vi spiego il perch\u00e8. Ero molto a digiuno di questa materia, cos\u00ec \u00e8 da qualche tempo che ne parlo con amici, anche via internet. L&#8217;idea che mi sono fatto \u00e8&hellip;","_links":{"self":[{"href":"https:\/\/www.fabiotordi.it\/blog\/index.php?rest_route=\/wp\/v2\/posts\/104","targetHints":{"allow":["GET"]}}],"collection":[{"href":"https:\/\/www.fabiotordi.it\/blog\/index.php?rest_route=\/wp\/v2\/posts"}],"about":[{"href":"https:\/\/www.fabiotordi.it\/blog\/index.php?rest_route=\/wp\/v2\/types\/post"}],"author":[{"embeddable":true,"href":"https:\/\/www.fabiotordi.it\/blog\/index.php?rest_route=\/wp\/v2\/users\/1"}],"replies":[{"embeddable":true,"href":"https:\/\/www.fabiotordi.it\/blog\/index.php?rest_route=%2Fwp%2Fv2%2Fcomments&post=104"}],"version-history":[{"count":0,"href":"https:\/\/www.fabiotordi.it\/blog\/index.php?rest_route=\/wp\/v2\/posts\/104\/revisions"}],"wp:attachment":[{"href":"https:\/\/www.fabiotordi.it\/blog\/index.php?rest_route=%2Fwp%2Fv2%2Fmedia&parent=104"}],"wp:term":[{"taxonomy":"category","embeddable":true,"href":"https:\/\/www.fabiotordi.it\/blog\/index.php?rest_route=%2Fwp%2Fv2%2Fcategories&post=104"},{"taxonomy":"post_tag","embeddable":true,"href":"https:\/\/www.fabiotordi.it\/blog\/index.php?rest_route=%2Fwp%2Fv2%2Ftags&post=104"}],"curies":[{"name":"wp","href":"https:\/\/api.w.org\/{rel}","templated":true}]}}