{"id":23,"date":"2006-10-14T14:39:10","date_gmt":"2006-10-14T12:39:10","guid":{"rendered":"http:\/\/www.fabiotordi.it\/?p=22"},"modified":"2006-10-14T14:39:10","modified_gmt":"2006-10-14T12:39:10","slug":"limbo","status":"publish","type":"post","link":"https:\/\/www.fabiotordi.it\/blog\/?p=23","title":{"rendered":"Limbo"},"content":{"rendered":"<p>Dal &#8220;<strong>QN Quotidiano Nazionale<\/strong>&#8221;<\/p>\n<p>&#8220;<em>Citt\u00e0 del Vaticano, 7 ottOBRE 2006 &#8211; La Chiesa \u00e8 orientata ad abolire il limbo, ma Benedetto XVI rimanda l&#8217;annuncio ufficiale almeno di due anni. Gi\u00e0 Giovanni Paolo II si era espresso a favore dell&#8217; eliminazione del luogo che accoglie le anime dei bambini morti senza aver ricevuto il battesimo, cos\u00ec come l&#8217;orientamento dei teologici del Vaticano va nella stessa direzione.<br \/>\nMa chi si aspettava che Papa Benedetto XVI annunciasse ufficialmente l&#8217;abolizione del limbo \u00e8 rimasto deluso. Papa Ratzinger prende infatti ancora tempo e rimanda l&#8217;annuncio di altri due anni.<\/em>&#8221;<\/p>\n<p>Caspita, <strong>ci tolgono anche il limbo<\/strong>. Quindi tutti quelli che non sono n\u00e8 carne n\u00e8 pesce, che non sanno mai decidersi e che amano rimanere nel &#8220;limbo&#8221;, dal 2008 non potranno pi\u00f9 farlo, dovranno scegliere: <strong>inferno <\/strong>o <strong>paradiso<\/strong>!<\/p>\n<p align=\"center\"><img decoding=\"async\" title=\"Limbo\" alt=\"Limbo\" src=\"http:\/\/www.fabiotordi.it\/blog\/img\/20061014-limbo.jpg\" \/><\/p>\n","protected":false},"excerpt":{"rendered":"<p>Dal &#8220;QN Quotidiano Nazionale&#8221; &#8220;Citt\u00e0 del Vaticano, 7 ottOBRE 2006 &#8211; La Chiesa \u00e8 orientata ad abolire il limbo, ma Benedetto XVI rimanda l&#8217;annuncio ufficiale almeno di due anni. Gi\u00e0 Giovanni Paolo II si era espresso a favore dell&#8217; eliminazione del luogo che accoglie le anime dei bambini morti senza aver ricevuto il battesimo, cos\u00ec [&hellip;]<\/p>\n","protected":false},"author":1,"featured_media":0,"comment_status":"open","ping_status":"closed","sticky":false,"template":"","format":"standard","meta":{"_uag_custom_page_level_css":"","footnotes":""},"categories":[20],"tags":[],"class_list":["post-23","post","type-post","status-publish","format-standard","hentry","category-societa"],"uagb_featured_image_src":{"full":false,"thumbnail":false,"medium":false,"medium_large":false,"large":false,"1536x1536":false,"2048x2048":false,"post-thumbnail":false,"post-image":false,"post-image-cover":false,"tptn_thumbnail":false},"uagb_author_info":{"display_name":"Fabio","author_link":"https:\/\/www.fabiotordi.it\/blog\/?author=1"},"uagb_comment_info":2,"uagb_excerpt":"Dal &#8220;QN Quotidiano Nazionale&#8221; &#8220;Citt\u00e0 del Vaticano, 7 ottOBRE 2006 &#8211; La Chiesa \u00e8 orientata ad abolire il limbo, ma Benedetto XVI rimanda l&#8217;annuncio ufficiale almeno di due anni. Gi\u00e0 Giovanni Paolo II si era espresso a favore dell&#8217; eliminazione del luogo che accoglie le anime dei bambini morti senza aver ricevuto il battesimo, cos\u00ec&hellip;","_links":{"self":[{"href":"https:\/\/www.fabiotordi.it\/blog\/index.php?rest_route=\/wp\/v2\/posts\/23","targetHints":{"allow":["GET"]}}],"collection":[{"href":"https:\/\/www.fabiotordi.it\/blog\/index.php?rest_route=\/wp\/v2\/posts"}],"about":[{"href":"https:\/\/www.fabiotordi.it\/blog\/index.php?rest_route=\/wp\/v2\/types\/post"}],"author":[{"embeddable":true,"href":"https:\/\/www.fabiotordi.it\/blog\/index.php?rest_route=\/wp\/v2\/users\/1"}],"replies":[{"embeddable":true,"href":"https:\/\/www.fabiotordi.it\/blog\/index.php?rest_route=%2Fwp%2Fv2%2Fcomments&post=23"}],"version-history":[{"count":0,"href":"https:\/\/www.fabiotordi.it\/blog\/index.php?rest_route=\/wp\/v2\/posts\/23\/revisions"}],"wp:attachment":[{"href":"https:\/\/www.fabiotordi.it\/blog\/index.php?rest_route=%2Fwp%2Fv2%2Fmedia&parent=23"}],"wp:term":[{"taxonomy":"category","embeddable":true,"href":"https:\/\/www.fabiotordi.it\/blog\/index.php?rest_route=%2Fwp%2Fv2%2Fcategories&post=23"},{"taxonomy":"post_tag","embeddable":true,"href":"https:\/\/www.fabiotordi.it\/blog\/index.php?rest_route=%2Fwp%2Fv2%2Ftags&post=23"}],"curies":[{"name":"wp","href":"https:\/\/api.w.org\/{rel}","templated":true}]}}