{"id":2537,"date":"2019-01-28T12:32:13","date_gmt":"2019-01-28T11:32:13","guid":{"rendered":"http:\/\/www.fabiotordi.it\/blog\/?p=2537"},"modified":"2019-01-28T12:32:15","modified_gmt":"2019-01-28T11:32:15","slug":"ombre","status":"publish","type":"post","link":"https:\/\/www.fabiotordi.it\/blog\/?p=2537","title":{"rendered":"Ombre"},"content":{"rendered":"\n<p>Ombre. Possono essere le ombre del passato, di ci\u00f2 che \u00e8 stato o di ci\u00f2 che potrebbe essere stato. Possono essere le ombre del presente, le insidie nascoste, i dubbi. Possono essere le ombre del futuro, le paure dell&#8217;ignoto, le preoccupazioni.<br>Ma se sul passato non possiamo farci niente, il presente possiamo viverlo al meglio e il futuro..beh il futuro possiamo in parte scriverlo noi, quindi le ombre possiamo cercare di evitarle. <\/p>\n\n\n\n<figure class=\"wp-block-image\"><img decoding=\"async\" src=\"http:\/\/www.fabiotordi.it\/blog\/img\/20190128-ombre.jpg\" alt=\"\"\/><\/figure>\n","protected":false},"excerpt":{"rendered":"<p>Ombre. Possono essere le ombre del passato, di ci\u00f2 che \u00e8 stato o di ci\u00f2 che potrebbe essere stato. Possono essere le ombre del presente, le insidie nascoste, i dubbi. Possono essere le ombre del futuro, le paure dell&#8217;ignoto, le preoccupazioni.Ma se sul passato non possiamo farci niente, il presente possiamo viverlo al meglio e [&hellip;]<\/p>\n","protected":false},"author":1,"featured_media":0,"comment_status":"open","ping_status":"open","sticky":false,"template":"","format":"standard","meta":{"_uag_custom_page_level_css":"","footnotes":""},"categories":[3],"tags":[],"class_list":["post-2537","post","type-post","status-publish","format-standard","hentry","category-altro"],"uagb_featured_image_src":{"full":false,"thumbnail":false,"medium":false,"medium_large":false,"large":false,"1536x1536":false,"2048x2048":false,"post-thumbnail":false,"post-image":false,"post-image-cover":false,"tptn_thumbnail":false},"uagb_author_info":{"display_name":"Fabio","author_link":"https:\/\/www.fabiotordi.it\/blog\/?author=1"},"uagb_comment_info":0,"uagb_excerpt":"Ombre. Possono essere le ombre del passato, di ci\u00f2 che \u00e8 stato o di ci\u00f2 che potrebbe essere stato. Possono essere le ombre del presente, le insidie nascoste, i dubbi. Possono essere le ombre del futuro, le paure dell&#8217;ignoto, le preoccupazioni.Ma se sul passato non possiamo farci niente, il presente possiamo viverlo al meglio e&hellip;","_links":{"self":[{"href":"https:\/\/www.fabiotordi.it\/blog\/index.php?rest_route=\/wp\/v2\/posts\/2537","targetHints":{"allow":["GET"]}}],"collection":[{"href":"https:\/\/www.fabiotordi.it\/blog\/index.php?rest_route=\/wp\/v2\/posts"}],"about":[{"href":"https:\/\/www.fabiotordi.it\/blog\/index.php?rest_route=\/wp\/v2\/types\/post"}],"author":[{"embeddable":true,"href":"https:\/\/www.fabiotordi.it\/blog\/index.php?rest_route=\/wp\/v2\/users\/1"}],"replies":[{"embeddable":true,"href":"https:\/\/www.fabiotordi.it\/blog\/index.php?rest_route=%2Fwp%2Fv2%2Fcomments&post=2537"}],"version-history":[{"count":0,"href":"https:\/\/www.fabiotordi.it\/blog\/index.php?rest_route=\/wp\/v2\/posts\/2537\/revisions"}],"wp:attachment":[{"href":"https:\/\/www.fabiotordi.it\/blog\/index.php?rest_route=%2Fwp%2Fv2%2Fmedia&parent=2537"}],"wp:term":[{"taxonomy":"category","embeddable":true,"href":"https:\/\/www.fabiotordi.it\/blog\/index.php?rest_route=%2Fwp%2Fv2%2Fcategories&post=2537"},{"taxonomy":"post_tag","embeddable":true,"href":"https:\/\/www.fabiotordi.it\/blog\/index.php?rest_route=%2Fwp%2Fv2%2Ftags&post=2537"}],"curies":[{"name":"wp","href":"https:\/\/api.w.org\/{rel}","templated":true}]}}