{"id":2573,"date":"2019-02-18T14:20:52","date_gmt":"2019-02-18T13:20:52","guid":{"rendered":"http:\/\/www.fabiotordi.it\/blog\/?p=2573"},"modified":"2019-02-18T14:20:54","modified_gmt":"2019-02-18T13:20:54","slug":"in-6-anni-spariti-oltre-50mila-negozi","status":"publish","type":"post","link":"https:\/\/www.fabiotordi.it\/blog\/?p=2573","title":{"rendered":"In 6 anni spariti oltre 50mila negozi"},"content":{"rendered":"\n<p>Quelli che <strong>sostengono <\/strong>(compresi i politici che si <strong>vantano <\/strong>di questo) che la continua apertura di <strong>centri commerciali <\/strong>aumenti il <strong>numero di occupati <\/strong>legga questo articolo: il numero complessivo di occupati<strong> \u00e8 diminuito.<\/strong>&nbsp;<br>Purtroppo non si pu\u00f2 dire: &#8220;<em>te l&#8217;avevo detto<\/em>&#8221; o &#8220;<em>ben gli sta<\/em>&#8221; perch\u00e9 stiamo pagando tutti <strong>sulla nostra pelle<\/strong>. La chiusura dei piccoli negozi \u00e8 un <strong>impoverimento<\/strong> economico, sociale, culturale, di sicurezza, mettetevelo nella <strong>zucca<\/strong>. <\/p>\n\n\n\n<p><a href=\"https:\/\/goo.gl\/wHZJwn\">https:\/\/goo.gl\/wHZJwn<\/a><\/p>\n\n\n\n<figure class=\"wp-block-image\"><img decoding=\"async\" src=\"http:\/\/www.fabiotordi.it\/blog\/img\/20190218-chiuso.jpg\" alt=\"\"\/><\/figure>\n","protected":false},"excerpt":{"rendered":"<p>Quelli che sostengono (compresi i politici che si vantano di questo) che la continua apertura di centri commerciali aumenti il numero di occupati legga questo articolo: il numero complessivo di occupati \u00e8 diminuito.&nbsp;Purtroppo non si pu\u00f2 dire: &#8220;te l&#8217;avevo detto&#8221; o &#8220;ben gli sta&#8221; perch\u00e9 stiamo pagando tutti sulla nostra pelle. La chiusura dei piccoli [&hellip;]<\/p>\n","protected":false},"author":1,"featured_media":0,"comment_status":"open","ping_status":"open","sticky":false,"template":"","format":"standard","meta":{"_uag_custom_page_level_css":"","footnotes":""},"categories":[3],"tags":[],"class_list":["post-2573","post","type-post","status-publish","format-standard","hentry","category-altro"],"uagb_featured_image_src":{"full":false,"thumbnail":false,"medium":false,"medium_large":false,"large":false,"1536x1536":false,"2048x2048":false,"post-thumbnail":false,"post-image":false,"post-image-cover":false,"tptn_thumbnail":false},"uagb_author_info":{"display_name":"Fabio","author_link":"https:\/\/www.fabiotordi.it\/blog\/?author=1"},"uagb_comment_info":0,"uagb_excerpt":"Quelli che sostengono (compresi i politici che si vantano di questo) che la continua apertura di centri commerciali aumenti il numero di occupati legga questo articolo: il numero complessivo di occupati \u00e8 diminuito.&nbsp;Purtroppo non si pu\u00f2 dire: &#8220;te l&#8217;avevo detto&#8221; o &#8220;ben gli sta&#8221; perch\u00e9 stiamo pagando tutti sulla nostra pelle. La chiusura dei piccoli&hellip;","_links":{"self":[{"href":"https:\/\/www.fabiotordi.it\/blog\/index.php?rest_route=\/wp\/v2\/posts\/2573","targetHints":{"allow":["GET"]}}],"collection":[{"href":"https:\/\/www.fabiotordi.it\/blog\/index.php?rest_route=\/wp\/v2\/posts"}],"about":[{"href":"https:\/\/www.fabiotordi.it\/blog\/index.php?rest_route=\/wp\/v2\/types\/post"}],"author":[{"embeddable":true,"href":"https:\/\/www.fabiotordi.it\/blog\/index.php?rest_route=\/wp\/v2\/users\/1"}],"replies":[{"embeddable":true,"href":"https:\/\/www.fabiotordi.it\/blog\/index.php?rest_route=%2Fwp%2Fv2%2Fcomments&post=2573"}],"version-history":[{"count":0,"href":"https:\/\/www.fabiotordi.it\/blog\/index.php?rest_route=\/wp\/v2\/posts\/2573\/revisions"}],"wp:attachment":[{"href":"https:\/\/www.fabiotordi.it\/blog\/index.php?rest_route=%2Fwp%2Fv2%2Fmedia&parent=2573"}],"wp:term":[{"taxonomy":"category","embeddable":true,"href":"https:\/\/www.fabiotordi.it\/blog\/index.php?rest_route=%2Fwp%2Fv2%2Fcategories&post=2573"},{"taxonomy":"post_tag","embeddable":true,"href":"https:\/\/www.fabiotordi.it\/blog\/index.php?rest_route=%2Fwp%2Fv2%2Ftags&post=2573"}],"curies":[{"name":"wp","href":"https:\/\/api.w.org\/{rel}","templated":true}]}}