{"id":2656,"date":"2019-07-08T22:18:02","date_gmt":"2019-07-08T21:18:02","guid":{"rendered":"http:\/\/www.fabiotordi.it\/blog\/?p=2656"},"modified":"2019-07-08T22:18:04","modified_gmt":"2019-07-08T21:18:04","slug":"agilulfo","status":"publish","type":"post","link":"https:\/\/www.fabiotordi.it\/blog\/?p=2656","title":{"rendered":"Agilulfo"},"content":{"rendered":"\n<p>Partecipare a un <strong>corso di teatro<\/strong> \u00e8 sempre stata una di quelle cose che mi <strong>ispirava <\/strong>e, come direbbe tanta gente &#8220;<strong>mi mancava pure questa<\/strong>&#8220;. Qualche anno fa <strong>ci avevo fatto un pensierino<\/strong>, ma poi non se n&#8217;era fatto niente. A settembre dello scorso anno invece io e Valentina ci diciamo: <strong>perch\u00e9 no? <\/strong>E poi c&#8217;\u00e8 sempre la prima lezione gratuita che ti invoglia. <br>E cos\u00ec siamo rimasti, ogni luned\u00ec <strong>appuntamento fisso<\/strong> per un paio d&#8217;ore. Imparare a conoscere s\u00e9 stessi, le proprie emozioni, il proprio corpo, l&#8217;uso del proprio corpo, l&#8217;uso del proprio corpo guidato dalle proprie emozioni. <\/p>\n\n\n\n<p>Cos\u00ec fino a febbraio. Poi abbiamo iniziato ad allestire<strong> lo spettacolo<\/strong> di fine corso. <\/p>\n\n\n\n<p>Ho scoperto un <strong>bel gruppo<\/strong>. Partiamo dalla nostra <em>coach<\/em>, la nostra insegnante, che poi \u00e8 stata anche regista, scenografa, sceneggiatrice, e quant&#8217;altro: <strong>Michela<\/strong>. Ci ha amalgamato, ci ha capito e ha cercato di tirare fuori il meglio di ciascuno di noi, senza troppe forzature, solo con <strong>pazienza <\/strong>ed <strong>insistenza<\/strong>. Poi i ragazzi che abbiamo trovato gi\u00e0 l\u00ec e che a poco a poco, settimana dopo settimana, abbiamo iniziato a <strong>conoscere<\/strong>: <strong>Chiara<\/strong> che quando si muove pare danzare, <strong>Francesco<\/strong> che ne combina sempre una, <strong>Valerie <\/strong>che sembrava un agnello e invece era una tigre, <strong>Stefania <\/strong>che sembrava tutta d&#8217;un pezzo e invece aveva tante paure (che ha superato), <strong>Moreno<\/strong> che non impara mai le battute, <strong>Elisa <\/strong>che a me pare la pi\u00f9 brava tra di noi. E poi i ragazzi che ci hanno raggiunto in corsa, ma che sono subito entrati &#8220;nel gruppo&#8221;: <strong>Paola <\/strong>che all&#8217;inizio sembrava timidina e <strong>Simone <\/strong>che non sembrava (e non \u00e8) per niente timido. E infine <strong>Jennifer<\/strong>, che anche se era nel corso permanente (quello avanzato) \u00e8 in pratica una di noi.<\/p>\n\n\n\n<figure class=\"wp-block-image\"><img decoding=\"async\" src=\"https:\/\/www.fabiotordi.it\/blog\/img\/20190708-agilulfo.jpg\" alt=\"\"\/><\/figure>\n\n\n\n<p>Ci siamo conosciuti, ci siamo divertiti, abbiamo scoperto cose di noi che non sapevamo e abbiamo imparato qualcosa. E abbiamo <strong>riso tanto<\/strong>.<br>Lo spettacolo finale si \u00e8 chiamato &#8220;<strong>Agilulfo<\/strong>&#8221; perch\u00e8 tratto da &#8220;I<strong>l Cavaliere Iniseistente<\/strong>&#8221; di Calvino che narra le gesta del cavalier Agilulfo. <strong>Alcune battute non le scorder\u00f2 mai<\/strong>. Secondo me <strong>siamo stati bravi<\/strong>: uno che non aveva mai letto il libro probabilmente non capiva niente della storia, ma alcuni momenti sono stati veramente esilaranti. <strong>Grazie a tutti<\/strong>.<\/p>\n","protected":false},"excerpt":{"rendered":"<p>Partecipare a un corso di teatro \u00e8 sempre stata una di quelle cose che mi ispirava e, come direbbe tanta gente &#8220;mi mancava pure questa&#8220;. Qualche anno fa ci avevo fatto un pensierino, ma poi non se n&#8217;era fatto niente. A settembre dello scorso anno invece io e Valentina ci diciamo: perch\u00e9 no? E poi [&hellip;]<\/p>\n","protected":false},"author":1,"featured_media":0,"comment_status":"open","ping_status":"open","sticky":false,"template":"","format":"standard","meta":{"_uag_custom_page_level_css":"","footnotes":""},"categories":[3],"tags":[],"class_list":["post-2656","post","type-post","status-publish","format-standard","hentry","category-altro"],"uagb_featured_image_src":{"full":false,"thumbnail":false,"medium":false,"medium_large":false,"large":false,"1536x1536":false,"2048x2048":false,"post-thumbnail":false,"post-image":false,"post-image-cover":false,"tptn_thumbnail":false},"uagb_author_info":{"display_name":"Fabio","author_link":"https:\/\/www.fabiotordi.it\/blog\/?author=1"},"uagb_comment_info":0,"uagb_excerpt":"Partecipare a un corso di teatro \u00e8 sempre stata una di quelle cose che mi ispirava e, come direbbe tanta gente &#8220;mi mancava pure questa&#8220;. Qualche anno fa ci avevo fatto un pensierino, ma poi non se n&#8217;era fatto niente. A settembre dello scorso anno invece io e Valentina ci diciamo: perch\u00e9 no? E poi&hellip;","_links":{"self":[{"href":"https:\/\/www.fabiotordi.it\/blog\/index.php?rest_route=\/wp\/v2\/posts\/2656","targetHints":{"allow":["GET"]}}],"collection":[{"href":"https:\/\/www.fabiotordi.it\/blog\/index.php?rest_route=\/wp\/v2\/posts"}],"about":[{"href":"https:\/\/www.fabiotordi.it\/blog\/index.php?rest_route=\/wp\/v2\/types\/post"}],"author":[{"embeddable":true,"href":"https:\/\/www.fabiotordi.it\/blog\/index.php?rest_route=\/wp\/v2\/users\/1"}],"replies":[{"embeddable":true,"href":"https:\/\/www.fabiotordi.it\/blog\/index.php?rest_route=%2Fwp%2Fv2%2Fcomments&post=2656"}],"version-history":[{"count":0,"href":"https:\/\/www.fabiotordi.it\/blog\/index.php?rest_route=\/wp\/v2\/posts\/2656\/revisions"}],"wp:attachment":[{"href":"https:\/\/www.fabiotordi.it\/blog\/index.php?rest_route=%2Fwp%2Fv2%2Fmedia&parent=2656"}],"wp:term":[{"taxonomy":"category","embeddable":true,"href":"https:\/\/www.fabiotordi.it\/blog\/index.php?rest_route=%2Fwp%2Fv2%2Fcategories&post=2656"},{"taxonomy":"post_tag","embeddable":true,"href":"https:\/\/www.fabiotordi.it\/blog\/index.php?rest_route=%2Fwp%2Fv2%2Ftags&post=2656"}],"curies":[{"name":"wp","href":"https:\/\/api.w.org\/{rel}","templated":true}]}}