{"id":2670,"date":"2019-07-11T11:39:18","date_gmt":"2019-07-11T10:39:18","guid":{"rendered":"http:\/\/www.fabiotordi.it\/blog\/?p=2670"},"modified":"2019-07-11T11:39:20","modified_gmt":"2019-07-11T10:39:20","slug":"futura","status":"publish","type":"post","link":"https:\/\/www.fabiotordi.it\/blog\/?p=2670","title":{"rendered":"Futura"},"content":{"rendered":"\n<p>Il <strong>futuro<\/strong>. \u00c8 una cosa che a molti fa <strong>paura<\/strong>, il futuro. Gi\u00e0 perch\u00e9, per definizione, <strong>non sai cosa aspettarti<\/strong> per il futuro, e quindi i <strong>timori<\/strong> sono inevitabili.<\/p>\n\n\n\n<p>Iniziamo coi &#8220;<strong>se<\/strong>&#8221; e coi &#8220;<strong>ma<\/strong>&#8220;: se succedesse questo o quello? Se facessi una scelta <strong>sbagliata<\/strong>? Se mi capitasse quella cosa? Se poi <strong>non ce la faccio?<\/strong> Ma non sarebbe meglio&#8230;<\/p>\n\n\n\n<p>Invece no, <strong>il futuro \u00e8 nostro<\/strong>. Non servono <strong>grandi cose<\/strong>, tutto viene in base alle <strong>aspettative<\/strong>. La mia \u00e8 quella di <strong>vivere bene<\/strong>, cio\u00e8 pi\u00f9 possibilmente <strong>sereno<\/strong> e <strong>felice<\/strong>. E per questo &#8220;basta&#8221; (si fa per dire) coltivare la <strong>quotidianit\u00e0<\/strong>, lo stare bene, il trovare il bello dappertutto, avere sempre stimoli nuovi, <strong>superare le difficolt\u00e0<\/strong>.\u00a0<\/p>\n\n\n\n<figure class=\"wp-block-image\"><img decoding=\"async\" src=\"https:\/\/www.fabiotordi.it\/blog\/img\/20190711-trebbia.jpg\" alt=\"\"\/><\/figure>\n\n\n\n<p>Io, l&#8217;ho gi\u00e0 detto tante volte, mi ritengo <strong>davvero fortunato<\/strong> e tutto ci\u00f2 che mi serve \u00e8 a portata di mano, bisogna coltivarlo, farlo crescere, crederci, <strong>non mollare<\/strong>.\u00a0<\/p>\n\n\n\n<p>Poi, vabb\u00e8, ho\u00a0<strong>Valentina<\/strong>\u00a0che cammina insieme a me <\/p>\n","protected":false},"excerpt":{"rendered":"<p>Il futuro. \u00c8 una cosa che a molti fa paura, il futuro. Gi\u00e0 perch\u00e9, per definizione, non sai cosa aspettarti per il futuro, e quindi i timori sono inevitabili. Iniziamo coi &#8220;se&#8221; e coi &#8220;ma&#8220;: se succedesse questo o quello? Se facessi una scelta sbagliata? Se mi capitasse quella cosa? Se poi non ce la [&hellip;]<\/p>\n","protected":false},"author":1,"featured_media":0,"comment_status":"open","ping_status":"open","sticky":false,"template":"","format":"standard","meta":{"_uag_custom_page_level_css":"","footnotes":""},"categories":[3],"tags":[],"class_list":["post-2670","post","type-post","status-publish","format-standard","hentry","category-altro"],"uagb_featured_image_src":{"full":false,"thumbnail":false,"medium":false,"medium_large":false,"large":false,"1536x1536":false,"2048x2048":false,"post-thumbnail":false,"post-image":false,"post-image-cover":false,"tptn_thumbnail":false},"uagb_author_info":{"display_name":"Fabio","author_link":"https:\/\/www.fabiotordi.it\/blog\/?author=1"},"uagb_comment_info":0,"uagb_excerpt":"Il futuro. \u00c8 una cosa che a molti fa paura, il futuro. Gi\u00e0 perch\u00e9, per definizione, non sai cosa aspettarti per il futuro, e quindi i timori sono inevitabili. Iniziamo coi &#8220;se&#8221; e coi &#8220;ma&#8220;: se succedesse questo o quello? Se facessi una scelta sbagliata? Se mi capitasse quella cosa? Se poi non ce la&hellip;","_links":{"self":[{"href":"https:\/\/www.fabiotordi.it\/blog\/index.php?rest_route=\/wp\/v2\/posts\/2670","targetHints":{"allow":["GET"]}}],"collection":[{"href":"https:\/\/www.fabiotordi.it\/blog\/index.php?rest_route=\/wp\/v2\/posts"}],"about":[{"href":"https:\/\/www.fabiotordi.it\/blog\/index.php?rest_route=\/wp\/v2\/types\/post"}],"author":[{"embeddable":true,"href":"https:\/\/www.fabiotordi.it\/blog\/index.php?rest_route=\/wp\/v2\/users\/1"}],"replies":[{"embeddable":true,"href":"https:\/\/www.fabiotordi.it\/blog\/index.php?rest_route=%2Fwp%2Fv2%2Fcomments&post=2670"}],"version-history":[{"count":0,"href":"https:\/\/www.fabiotordi.it\/blog\/index.php?rest_route=\/wp\/v2\/posts\/2670\/revisions"}],"wp:attachment":[{"href":"https:\/\/www.fabiotordi.it\/blog\/index.php?rest_route=%2Fwp%2Fv2%2Fmedia&parent=2670"}],"wp:term":[{"taxonomy":"category","embeddable":true,"href":"https:\/\/www.fabiotordi.it\/blog\/index.php?rest_route=%2Fwp%2Fv2%2Fcategories&post=2670"},{"taxonomy":"post_tag","embeddable":true,"href":"https:\/\/www.fabiotordi.it\/blog\/index.php?rest_route=%2Fwp%2Fv2%2Ftags&post=2670"}],"curies":[{"name":"wp","href":"https:\/\/api.w.org\/{rel}","templated":true}]}}