{"id":2716,"date":"2019-10-01T16:49:15","date_gmt":"2019-10-01T15:49:15","guid":{"rendered":"http:\/\/www.fabiotordi.it\/blog\/?p=2716"},"modified":"2019-10-01T16:49:17","modified_gmt":"2019-10-01T15:49:17","slug":"amici-dinfanzia","status":"publish","type":"post","link":"https:\/\/www.fabiotordi.it\/blog\/?p=2716","title":{"rendered":"Amici d&#8217;infanzia"},"content":{"rendered":"\n<p>Roberto era di Milano, la sua famiglia veniva in villeggiatura al Passo del Brallo e stavano nella &#8220;Casa Gialla&#8221;, pertanto erano inquilini dei miei.<\/p>\n\n\n\n<p>Eravamo amici e ne combinavamo un sacco, suo pap\u00e0 mi chiamava &#8220;Archimede&#8221; perch\u00e9 diceva che ne inventavo sempre una nuova. Mi gasava quel soprannome. <\/p>\n\n\n\n<p>Roberto era un ragazzino giudizioso, ubbidiva sempre ai genitori e se per caso non lo faceva era il primo a rimanerci male perch\u00e9 si sentiva in colpa. Parlava un po&#8217;strano per via di quella dentatura un po&#8217; pronunciata. <\/p>\n\n\n\n<p>Aveva anche lui il Commodore 64 e ci scambiavamo le cassette. A dir la verit\u00e0 \u00e8 stato uno dei motivi per cui ho &#8220;scelto&#8221; di ricevere quel computer anzich\u00e9 un altro: se ce l&#8217;avevano in tanti, soprattutto i milanesi come Roberto, voleva dire che era valido. <\/p>\n\n\n\n<p>Alla fine degli anni &#8217;80 i suoi hanno deciso di cambiare meta. Hanno lasciato Brallo nel pieno della sua epoca florida. Recentemente Roberto \u00e8 passato a Brallo a trovarmi, insieme a sua moglie e sua figlia. Mi ha fatto davvero tanto piacere, \u00e8 stato un bellissimo regalo.<\/p>\n\n\n\n<figure class=\"wp-block-image\"><img decoding=\"async\" src=\"http:\/\/www.fabiotordi.it\/blog\/img\/20191001-roberto.jpg\" alt=\"\"\/><\/figure>\n","protected":false},"excerpt":{"rendered":"<p>Roberto era di Milano, la sua famiglia veniva in villeggiatura al Passo del Brallo e stavano nella &#8220;Casa Gialla&#8221;, pertanto erano inquilini dei miei. Eravamo amici e ne combinavamo un sacco, suo pap\u00e0 mi chiamava &#8220;Archimede&#8221; perch\u00e9 diceva che ne inventavo sempre una nuova. Mi gasava quel soprannome. Roberto era un ragazzino giudizioso, ubbidiva sempre [&hellip;]<\/p>\n","protected":false},"author":1,"featured_media":0,"comment_status":"open","ping_status":"open","sticky":false,"template":"","format":"standard","meta":{"_uag_custom_page_level_css":"","footnotes":""},"categories":[3],"tags":[],"class_list":["post-2716","post","type-post","status-publish","format-standard","hentry","category-altro"],"uagb_featured_image_src":{"full":false,"thumbnail":false,"medium":false,"medium_large":false,"large":false,"1536x1536":false,"2048x2048":false,"post-thumbnail":false,"post-image":false,"post-image-cover":false,"tptn_thumbnail":false},"uagb_author_info":{"display_name":"Fabio","author_link":"https:\/\/www.fabiotordi.it\/blog\/?author=1"},"uagb_comment_info":0,"uagb_excerpt":"Roberto era di Milano, la sua famiglia veniva in villeggiatura al Passo del Brallo e stavano nella &#8220;Casa Gialla&#8221;, pertanto erano inquilini dei miei. Eravamo amici e ne combinavamo un sacco, suo pap\u00e0 mi chiamava &#8220;Archimede&#8221; perch\u00e9 diceva che ne inventavo sempre una nuova. Mi gasava quel soprannome. Roberto era un ragazzino giudizioso, ubbidiva sempre&hellip;","_links":{"self":[{"href":"https:\/\/www.fabiotordi.it\/blog\/index.php?rest_route=\/wp\/v2\/posts\/2716","targetHints":{"allow":["GET"]}}],"collection":[{"href":"https:\/\/www.fabiotordi.it\/blog\/index.php?rest_route=\/wp\/v2\/posts"}],"about":[{"href":"https:\/\/www.fabiotordi.it\/blog\/index.php?rest_route=\/wp\/v2\/types\/post"}],"author":[{"embeddable":true,"href":"https:\/\/www.fabiotordi.it\/blog\/index.php?rest_route=\/wp\/v2\/users\/1"}],"replies":[{"embeddable":true,"href":"https:\/\/www.fabiotordi.it\/blog\/index.php?rest_route=%2Fwp%2Fv2%2Fcomments&post=2716"}],"version-history":[{"count":0,"href":"https:\/\/www.fabiotordi.it\/blog\/index.php?rest_route=\/wp\/v2\/posts\/2716\/revisions"}],"wp:attachment":[{"href":"https:\/\/www.fabiotordi.it\/blog\/index.php?rest_route=%2Fwp%2Fv2%2Fmedia&parent=2716"}],"wp:term":[{"taxonomy":"category","embeddable":true,"href":"https:\/\/www.fabiotordi.it\/blog\/index.php?rest_route=%2Fwp%2Fv2%2Fcategories&post=2716"},{"taxonomy":"post_tag","embeddable":true,"href":"https:\/\/www.fabiotordi.it\/blog\/index.php?rest_route=%2Fwp%2Fv2%2Ftags&post=2716"}],"curies":[{"name":"wp","href":"https:\/\/api.w.org\/{rel}","templated":true}]}}