{"id":2720,"date":"2019-10-26T11:26:06","date_gmt":"2019-10-26T10:26:06","guid":{"rendered":"http:\/\/www.fabiotordi.it\/blog\/?p=2720"},"modified":"2019-10-26T11:32:05","modified_gmt":"2019-10-26T10:32:05","slug":"anello-della-pineta-di-bruggi","status":"publish","type":"post","link":"https:\/\/www.fabiotordi.it\/blog\/?p=2720","title":{"rendered":"Anello della Pineta di Bruggi"},"content":{"rendered":"\n<p>Seguendo i consigli della guida &#8220;<strong>A un passo dalla vetta<\/strong>&#8221; di <strong>Cristiano Zanardi<\/strong>, ho voluto fare questa <strong>passeggiata<\/strong>. <br>Arrivo a <strong>Bruggi<\/strong>, in <strong>Alta Val Curone<\/strong> (dalle parti di <strong>Caldirola<\/strong>, il <strong>Curone<\/strong> nasce l\u00ec vicino). La giornata non sembra bellissima, ma parcheggio fiducioso a fianco della chiesa e parto. <\/p>\n\n\n\n<figure class=\"wp-block-image\"><img decoding=\"async\" src=\"http:\/\/www.fabiotordi.it\/blog\/img\/20191026-bruggi1.jpg\" alt=\"\"\/><\/figure>\n\n\n\n<p>All&#8217;inizio bisogna seguire il <strong>sentiero <\/strong>che porta fino alla vetta del <strong>Monte Chiappo<\/strong> (che prima o poi far\u00f2), ma ad un certo punto occorre deviare sulla <strong>sinistra <\/strong>e raggiungere la <strong>pineta <\/strong>sopra Bruggi. Durante la salita ci sono degli <strong>scorci panoramici<\/strong> gradevoli che mi fanno anche capire che sto prendendo quota. Si oltrepassa una <strong>capanna nel bosco<\/strong> e poi un<strong> punto di ristoro<\/strong> con <strong>tavolo <\/strong>e <strong>panchine <\/strong>di legno. <br>Quando sono all&#8217;interno della <strong>pineta<\/strong>, anche se \u00e8 un luogo che non ho mai visitato, ho come la sensazione di <strong>sentirmi a casa<\/strong>. D&#8217;altronde io <strong>ci sono cresciuto in una pineta<\/strong>, quindi camminare sulla soffice coltre di aghi e riconoscere il classico sottobosco delle conifere mi regala emozioni. <strong>Mi sembra di perdermi<\/strong> in quel luogo.<\/p>\n\n\n\n<figure class=\"wp-block-image\"><img decoding=\"async\" src=\"http:\/\/www.fabiotordi.it\/blog\/img\/20191026-bruggi2.jpg\" alt=\"\"\/><\/figure>\n\n\n\n<p>E infatti <strong>mi perdo<\/strong>. Dovrei raggiungere il <strong>Monte Garav\u00e8<\/strong>, ma sbaglio qualcosa nei vari bivi che incontro, non segnalati. Nel dubbio, di solito cerco di stare a sinistra, in quanto l&#8217;anello che dovrei fare \u00e8 in <strong>senso antiorario<\/strong>. Nei giorni scorsi ha piovuto, quindi c&#8217;\u00e8 un bel <strong>pantano <\/strong>e ad un certo punto il sentiero che sto seguendo si rivela per quello che \u00e8: una semplice <strong>traccia <\/strong>lasciata dalle <strong>vacche<\/strong> portate al <strong>pascolo <\/strong>(si sente lo <strong>scampanellio <\/strong>in lontananza). A questo punto, grazie alle mappe sul cellulare, risalgo un po&#8217; a caso e raggiungo il <strong>crinale <\/strong>e quindi la &#8220;<strong>Via del Sale<\/strong>&#8220;, ma siccome sono un <strong>bastian contrario<\/strong>, vado in direzione opposta a quella canonica, cio\u00e8 <strong>verso Varzi<\/strong>.<\/p>\n\n\n\n<figure class=\"wp-block-image\"><img decoding=\"async\" src=\"http:\/\/www.fabiotordi.it\/blog\/img\/20191026-bruggi3.jpg\" alt=\"\"\/><\/figure>\n\n\n\n<p>Che bello: da qui si vede il <strong>Lesima<\/strong>, ma si vede bene anche <strong>Cima Colletta<\/strong> e laggi\u00f9 spicca il <strong>Penice<\/strong>. Scendendo raggiungo il <strong>Colle della Seppa<\/strong> e ovviamente giro verso <strong>Bruggi<\/strong>, quindi a sinistra (a destra si scende in direzione Arm\u00e0). Detto cos\u00ec sembra che sia quasi arrivato, invece la strada strerrata \u00e8 molto lunga e arzigogolata. La discesa \u00e8 comunque piacevole, soprattutto una volta raggiunto il paese. La vista \u00e8 incantevole: tutti i tetti di Bruggi e laggi\u00f9 la chiesa. E&#8217; singolare il fatto che sia stata costruita in fondo al paese, di solito \u00e8 in centro o tuttalpi\u00f9 in cima. Scendo, trovo la fontana, tante casettine carine ristrutturate bene, una vecchia insegna &#8220;commestibili&#8221; che mi fa ricordare come anche ogni piccolo paese avesse una volta delle attivit\u00e0.<\/p>\n\n\n\n<figure class=\"wp-block-image\"><img decoding=\"async\" src=\"http:\/\/www.fabiotordi.it\/blog\/img\/20191026-bruggi4.jpg\" alt=\"\"\/><\/figure>\n\n\n\n<p>Chiudo l&#8217;anello, mi fermo per una preghiera e una candela, \u00e8 uscito il sole, la vita \u00e8 bella, salgo in auto e ritorno a casa.<br>8,8 km &#8211; 1h50min &#8211; 507m dislivello.<\/p>\n\n\n\n<blockquote class=\"embedly-card\" data-card-controls=\"0\" data-card-key=\"f1631a41cb254ca5b035dc5747a5bd75\"><h4><a href=\"https:\/\/www.relive.cc\/view\/vevW7N3yPyv?r=embed-site\">Relive &#8216;Anello di Bruggi&#8217;<\/a><\/h4><\/blockquote>\n        <script async=\"\" src=\"https:\/\/cdn.embedly.com\/widgets\/platform.js\" charset=\"UTF-8\"><\/script>\n","protected":false},"excerpt":{"rendered":"<p>Seguendo i consigli della guida &#8220;A un passo dalla vetta&#8221; di Cristiano Zanardi, ho voluto fare questa passeggiata. Arrivo a Bruggi, in Alta Val Curone (dalle parti di Caldirola, il Curone nasce l\u00ec vicino). La giornata non sembra bellissima, ma parcheggio fiducioso a fianco della chiesa e parto. All&#8217;inizio bisogna seguire il sentiero che porta [&hellip;]<\/p>\n","protected":false},"author":1,"featured_media":0,"comment_status":"open","ping_status":"open","sticky":false,"template":"","format":"standard","meta":{"_uag_custom_page_level_css":"","footnotes":""},"categories":[3],"tags":[],"class_list":["post-2720","post","type-post","status-publish","format-standard","hentry","category-altro"],"uagb_featured_image_src":{"full":false,"thumbnail":false,"medium":false,"medium_large":false,"large":false,"1536x1536":false,"2048x2048":false,"post-thumbnail":false,"post-image":false,"post-image-cover":false,"tptn_thumbnail":false},"uagb_author_info":{"display_name":"Fabio","author_link":"https:\/\/www.fabiotordi.it\/blog\/?author=1"},"uagb_comment_info":0,"uagb_excerpt":"Seguendo i consigli della guida &#8220;A un passo dalla vetta&#8221; di Cristiano Zanardi, ho voluto fare questa passeggiata. Arrivo a Bruggi, in Alta Val Curone (dalle parti di Caldirola, il Curone nasce l\u00ec vicino). La giornata non sembra bellissima, ma parcheggio fiducioso a fianco della chiesa e parto. All&#8217;inizio bisogna seguire il sentiero che porta&hellip;","_links":{"self":[{"href":"https:\/\/www.fabiotordi.it\/blog\/index.php?rest_route=\/wp\/v2\/posts\/2720","targetHints":{"allow":["GET"]}}],"collection":[{"href":"https:\/\/www.fabiotordi.it\/blog\/index.php?rest_route=\/wp\/v2\/posts"}],"about":[{"href":"https:\/\/www.fabiotordi.it\/blog\/index.php?rest_route=\/wp\/v2\/types\/post"}],"author":[{"embeddable":true,"href":"https:\/\/www.fabiotordi.it\/blog\/index.php?rest_route=\/wp\/v2\/users\/1"}],"replies":[{"embeddable":true,"href":"https:\/\/www.fabiotordi.it\/blog\/index.php?rest_route=%2Fwp%2Fv2%2Fcomments&post=2720"}],"version-history":[{"count":0,"href":"https:\/\/www.fabiotordi.it\/blog\/index.php?rest_route=\/wp\/v2\/posts\/2720\/revisions"}],"wp:attachment":[{"href":"https:\/\/www.fabiotordi.it\/blog\/index.php?rest_route=%2Fwp%2Fv2%2Fmedia&parent=2720"}],"wp:term":[{"taxonomy":"category","embeddable":true,"href":"https:\/\/www.fabiotordi.it\/blog\/index.php?rest_route=%2Fwp%2Fv2%2Fcategories&post=2720"},{"taxonomy":"post_tag","embeddable":true,"href":"https:\/\/www.fabiotordi.it\/blog\/index.php?rest_route=%2Fwp%2Fv2%2Ftags&post=2720"}],"curies":[{"name":"wp","href":"https:\/\/api.w.org\/{rel}","templated":true}]}}