{"id":2734,"date":"2019-10-29T21:50:06","date_gmt":"2019-10-29T20:50:06","guid":{"rendered":"http:\/\/www.fabiotordi.it\/blog\/?p=2734"},"modified":"2019-10-29T21:50:08","modified_gmt":"2019-10-29T20:50:08","slug":"exit","status":"publish","type":"post","link":"https:\/\/www.fabiotordi.it\/blog\/?p=2734","title":{"rendered":"Exit"},"content":{"rendered":"\n<p>Sono stato a <strong>Pavia <\/strong>a vedere questa mostra di fotografie di <a href=\"https:\/\/www.instagram.com\/photomarcellamilani\/?hl=it\">Marcella Milani<\/a>. <br>Marcella \u00e8 stata in alcuni <strong>alberghi <\/strong>della provincia di Pavia, <strong>chiusi <\/strong>ahim\u00e8 da anni. Alcuni li ha visitati una volta sola, altri pi\u00f9 volte, e ogni volta \u00e8 riuscita a <strong>racchiudere una storia<\/strong> nelle sue foto.<\/p>\n\n\n\n<p>Forse avevano ragione quelli che dicevano che<strong> la fotografia &#8220;ruba&#8221; l&#8217;anima<\/strong>. Guardando queste foto mi sentivo come <a href=\"https:\/\/it.wikipedia.org\/wiki\/Jack_Torrance\">Jack Torrence<\/a> quando guardava le foto dell&#8217;<strong><a href=\"https:\/\/it.wikipedia.org\/wiki\/Overlook_Hotel\">Overlook Hotel<\/a><\/strong> e riviveva quei momenti. Spero solo di non andare fuori di testa come lui, ecco.<\/p>\n\n\n\n<p>Marcella ha visitato parecchie strutture della mia zona: l&#8217;albergo <strong>Buscaglia <\/strong>al Passo Penice, l&#8217;albergo <strong>Normanno <\/strong>e l&#8217;albergo <strong>Serenella <\/strong>al Passo del Brallo, l&#8217;albergo <strong>Colletta <\/strong>a Cima Colletta e l&#8217;albergo <strong>Giov\u00e0 <\/strong>al Passo del Giov\u00e0.<\/p>\n\n\n\n<figure class=\"wp-block-image\"><img decoding=\"async\" src=\"http:\/\/www.fabiotordi.it\/blog\/img\/20191029-milani.jpeg\" alt=\"\"\/><\/figure>\n\n\n\n<p>La mostra mi ha lasciato un sacco di sensazioni: nostalgia, malinconia, ha riaperto un pezzo di <strong>quel vuoto dentro<\/strong> che, come dice il nostro conterraneo Max Pezzali, &#8220;<em>non si chiuder\u00e0 mai, tanto vale conviverci<\/em>&#8220;.<\/p>\n\n\n\n<p>Il compito di un&#8217;artista \u00e8 proprio quello: di suscitare emozioni, quindi complimenti all&#8217;autrice e&#8230; <a href=\"http:\/\/www.vivipavia.it\/site\/home\/eventi\/exit-marcella-milani.html\">visitate la mostra<\/a>.<\/p>\n","protected":false},"excerpt":{"rendered":"<p>Sono stato a Pavia a vedere questa mostra di fotografie di Marcella Milani. Marcella \u00e8 stata in alcuni alberghi della provincia di Pavia, chiusi ahim\u00e8 da anni. Alcuni li ha visitati una volta sola, altri pi\u00f9 volte, e ogni volta \u00e8 riuscita a racchiudere una storia nelle sue foto. Forse avevano ragione quelli che dicevano [&hellip;]<\/p>\n","protected":false},"author":1,"featured_media":0,"comment_status":"open","ping_status":"open","sticky":false,"template":"","format":"standard","meta":{"_uag_custom_page_level_css":"","footnotes":""},"categories":[3],"tags":[],"class_list":["post-2734","post","type-post","status-publish","format-standard","hentry","category-altro"],"uagb_featured_image_src":{"full":false,"thumbnail":false,"medium":false,"medium_large":false,"large":false,"1536x1536":false,"2048x2048":false,"post-thumbnail":false,"post-image":false,"post-image-cover":false,"tptn_thumbnail":false},"uagb_author_info":{"display_name":"Fabio","author_link":"https:\/\/www.fabiotordi.it\/blog\/?author=1"},"uagb_comment_info":0,"uagb_excerpt":"Sono stato a Pavia a vedere questa mostra di fotografie di Marcella Milani. Marcella \u00e8 stata in alcuni alberghi della provincia di Pavia, chiusi ahim\u00e8 da anni. Alcuni li ha visitati una volta sola, altri pi\u00f9 volte, e ogni volta \u00e8 riuscita a racchiudere una storia nelle sue foto. Forse avevano ragione quelli che dicevano&hellip;","_links":{"self":[{"href":"https:\/\/www.fabiotordi.it\/blog\/index.php?rest_route=\/wp\/v2\/posts\/2734","targetHints":{"allow":["GET"]}}],"collection":[{"href":"https:\/\/www.fabiotordi.it\/blog\/index.php?rest_route=\/wp\/v2\/posts"}],"about":[{"href":"https:\/\/www.fabiotordi.it\/blog\/index.php?rest_route=\/wp\/v2\/types\/post"}],"author":[{"embeddable":true,"href":"https:\/\/www.fabiotordi.it\/blog\/index.php?rest_route=\/wp\/v2\/users\/1"}],"replies":[{"embeddable":true,"href":"https:\/\/www.fabiotordi.it\/blog\/index.php?rest_route=%2Fwp%2Fv2%2Fcomments&post=2734"}],"version-history":[{"count":0,"href":"https:\/\/www.fabiotordi.it\/blog\/index.php?rest_route=\/wp\/v2\/posts\/2734\/revisions"}],"wp:attachment":[{"href":"https:\/\/www.fabiotordi.it\/blog\/index.php?rest_route=%2Fwp%2Fv2%2Fmedia&parent=2734"}],"wp:term":[{"taxonomy":"category","embeddable":true,"href":"https:\/\/www.fabiotordi.it\/blog\/index.php?rest_route=%2Fwp%2Fv2%2Fcategories&post=2734"},{"taxonomy":"post_tag","embeddable":true,"href":"https:\/\/www.fabiotordi.it\/blog\/index.php?rest_route=%2Fwp%2Fv2%2Ftags&post=2734"}],"curies":[{"name":"wp","href":"https:\/\/api.w.org\/{rel}","templated":true}]}}