{"id":2777,"date":"2020-02-27T18:16:58","date_gmt":"2020-02-27T17:16:58","guid":{"rendered":"http:\/\/www.fabiotordi.it\/blog\/?p=2777"},"modified":"2020-02-27T18:17:00","modified_gmt":"2020-02-27T17:17:00","slug":"anello-di-frate-ave-maria","status":"publish","type":"post","link":"https:\/\/www.fabiotordi.it\/blog\/?p=2777","title":{"rendered":"Anello di Frate Ave Maria"},"content":{"rendered":"\n<p><strong>L&#8217;anello <\/strong>di Frate Ave Maria <strong>non \u00e8 un gioiello<\/strong>, ma un <strong>percorso<\/strong>. <\/p>\n\n\n\n<p>Anche stavolta ho seguito i consigli del libro &#8220;<a href=\"https:\/\/aunpassodallavetta.wixsite.com\/trekking\/a-un-passo-volume-1\">A un passo dalla Vetta<\/a>&#8220;. Ho lasciato l&#8217;auto nei pressi del celeberrimo <strong>castello malaspiniano di Oramala<\/strong>. Pare che qui soggiorn\u00f2 anche il sommo poeta <strong>Dante Alighieri<\/strong>. Io invece, zaino in spalla, verso le 9 del mattino imbocco la discesa lungo la strada <strong>asfaltata <\/strong>che porta a Sant&#8217;Alberto, ma dopo poche centinaia di metri prendo una <strong>sterrata <\/strong>molto larga sulla sinistra.<\/p>\n\n\n\n<figure class=\"wp-block-image\"><img decoding=\"async\" src=\"http:\/\/www.fabiotordi.it\/blog\/img\/20200227-oramala1.jpg\" alt=\"\"\/><\/figure>\n\n\n\n<p>La prima parte di questo percorso concede delle <strong>bellissime vedute<\/strong> su castello e sui monti della valle <strong>Staffora<\/strong>. Il sentiero \u00e8 bello, largo, facile: da scampagnata. Ad un certo punto si svalica nell&#8217;altro versante e si inizia la discesa nel bosco, fino a raggiungere il rio <strong>Crenna<\/strong>. Anche se siamo in febbraio il clima prima era davvero piacevole, finch\u00e9 stavo al sole, qui invece sembra quasi di stare in una grotta, c&#8217;\u00e8 <strong>freschino<\/strong>. Prova ne \u00e8 che <strong>il terreno \u00e8 ghiacciato<\/strong>, ma non mi preoccupo perch\u00e9 so che tra poco inizier\u00e0 la salita e quindi <strong>mi scalder\u00f2<\/strong>.<\/p>\n\n\n\n<figure class=\"wp-block-image\"><img decoding=\"async\" src=\"http:\/\/www.fabiotordi.it\/blog\/img\/20200227-oramala2.jpg\" alt=\"\"\/><\/figure>\n\n\n\n<p>Potete dire quello che volete, comunque non \u00e8 normale che in questa stagione sia <strong>gi\u00e0 fioriti gli anemoni<\/strong>. O si? Io proseguo la mia salita e finalmente ritorno sulla strada asfaltata, che proseguo per qualche centinaio di metri fino all&#8217;Eremo.<\/p>\n\n\n\n<figure class=\"wp-block-image\"><img decoding=\"async\" src=\"http:\/\/www.fabiotordi.it\/blog\/img\/20200227-oramala4.jpg\" alt=\"\"\/><\/figure>\n\n\n\n<p>Questo eremo fu costruito, pare, proprio da <strong>Sant&#8217;Alberto<\/strong> con il contributo dei <strong>Malaspina <\/strong>e divenne ben presto molto importante. Non ho mai capito perch\u00e9 questi posti avessero tutta questa importanza, forse per l&#8217;aurea di misticismo e il fatto di essere cos\u00ec isolati dal resto del mondo. Sicuramente la spiritualit\u00e0 \u00e8 accentuata. Ci passarono <strong>Edoardo II re d&#8217;Inghilterra<\/strong>, forse <strong>Federico Barbarossa <\/strong>e forse anche qui l&#8217;Alighieri. Col tempo perse d&#8217;importanza e cadde in disgrazia, finch\u00e9 pass\u00f2 sotto le cure di <strong>Don Orione<\/strong> che lo ripopol\u00f2 con alcuni frati, tra cui il famoso, appunto,<strong> Frate Ave Maria<\/strong>.<\/p>\n\n\n\n<figure class=\"wp-block-image\"><img decoding=\"async\" src=\"http:\/\/www.fabiotordi.it\/blog\/img\/20200227-oramala3.jpg\" alt=\"\"\/><\/figure>\n\n\n\n<p>Dopo una breve visita e una doverosa preghiera, riprendo il mio cammino. Stavolta si passa in <strong>val di Nizza<\/strong>: il sentiero inizia vicino al piccolo rifugio nei pressi dell&#8217;eremo, procede vicino alla strada asfaltata per poi inoltrarsi nel bosco in forte discesa. Si arriva nel paese di <strong>Monte<\/strong>, dove trovo un uomo intento a tagliare la legna. E&#8217; quasi mezzogiorno, c&#8217;\u00e8 un bel sole, ma dopo la discesa, si sa, c&#8217;\u00e8 sempre una salita. E&#8217; quella che porta a <strong>Poggio Ferrato<\/strong>. E una volta l\u00ec la salita continua, arrivando sull&#8217;asfalto, e poi continua ancora fino a localit\u00e0 <em>Beloria<\/em>. Passeggiare sull&#8217;asfalto non \u00e8 cos\u00ec divertente e difatti non vedo l&#8217;ora di arrivare all&#8217;auto, anche perch\u00e9 al mio arrivo \u00e8 l&#8217;una passata, e <strong>ho fame<\/strong>.<\/p>\n\n\n\n<div class=\"embedly-responsive\" style=\"position: relative;padding-bottom: 78.2227%;height: 0;overflow: hidden;\"><iframe loading=\"lazy\" class=\"embedly-embed\" frameborder=\"0\" scrolling=\"no\" allowfullscreen src=\"https:\/\/cdn.embedly.com\/widgets\/media.html?src=https:\/\/www.relive.cc\/view\/vwq17m5QrBO\/widget?r=embed-site&#038;url=https:\/\/www.relive.cc\/view\/vwq17m5QrBO?r=embed-site&#038;image=https:\/\/www.relive.cc\/view\/vwq17m5QrBO\/png?x-ref=embed-site&#038;key=f1631a41cb254ca5b035dc5747a5bd75&#038;type=text\/html&#038;schema=relive\" width=\"1024\" height=\"801\" style=\"position: absolute;top: 0;left: 0;width: 100%;height: 100%;\"><\/iframe><\/div>\n","protected":false},"excerpt":{"rendered":"<p>L&#8217;anello di Frate Ave Maria non \u00e8 un gioiello, ma un percorso. Anche stavolta ho seguito i consigli del libro &#8220;A un passo dalla Vetta&#8220;. Ho lasciato l&#8217;auto nei pressi del celeberrimo castello malaspiniano di Oramala. Pare che qui soggiorn\u00f2 anche il sommo poeta Dante Alighieri. Io invece, zaino in spalla, verso le 9 del [&hellip;]<\/p>\n","protected":false},"author":1,"featured_media":0,"comment_status":"open","ping_status":"open","sticky":false,"template":"","format":"standard","meta":{"_uag_custom_page_level_css":"","footnotes":""},"categories":[3],"tags":[],"class_list":["post-2777","post","type-post","status-publish","format-standard","hentry","category-altro"],"uagb_featured_image_src":{"full":false,"thumbnail":false,"medium":false,"medium_large":false,"large":false,"1536x1536":false,"2048x2048":false,"post-thumbnail":false,"post-image":false,"post-image-cover":false,"tptn_thumbnail":false},"uagb_author_info":{"display_name":"Fabio","author_link":"https:\/\/www.fabiotordi.it\/blog\/?author=1"},"uagb_comment_info":0,"uagb_excerpt":"L&#8217;anello di Frate Ave Maria non \u00e8 un gioiello, ma un percorso. Anche stavolta ho seguito i consigli del libro &#8220;A un passo dalla Vetta&#8220;. Ho lasciato l&#8217;auto nei pressi del celeberrimo castello malaspiniano di Oramala. Pare che qui soggiorn\u00f2 anche il sommo poeta Dante Alighieri. Io invece, zaino in spalla, verso le 9 del&hellip;","_links":{"self":[{"href":"https:\/\/www.fabiotordi.it\/blog\/index.php?rest_route=\/wp\/v2\/posts\/2777","targetHints":{"allow":["GET"]}}],"collection":[{"href":"https:\/\/www.fabiotordi.it\/blog\/index.php?rest_route=\/wp\/v2\/posts"}],"about":[{"href":"https:\/\/www.fabiotordi.it\/blog\/index.php?rest_route=\/wp\/v2\/types\/post"}],"author":[{"embeddable":true,"href":"https:\/\/www.fabiotordi.it\/blog\/index.php?rest_route=\/wp\/v2\/users\/1"}],"replies":[{"embeddable":true,"href":"https:\/\/www.fabiotordi.it\/blog\/index.php?rest_route=%2Fwp%2Fv2%2Fcomments&post=2777"}],"version-history":[{"count":0,"href":"https:\/\/www.fabiotordi.it\/blog\/index.php?rest_route=\/wp\/v2\/posts\/2777\/revisions"}],"wp:attachment":[{"href":"https:\/\/www.fabiotordi.it\/blog\/index.php?rest_route=%2Fwp%2Fv2%2Fmedia&parent=2777"}],"wp:term":[{"taxonomy":"category","embeddable":true,"href":"https:\/\/www.fabiotordi.it\/blog\/index.php?rest_route=%2Fwp%2Fv2%2Fcategories&post=2777"},{"taxonomy":"post_tag","embeddable":true,"href":"https:\/\/www.fabiotordi.it\/blog\/index.php?rest_route=%2Fwp%2Fv2%2Ftags&post=2777"}],"curies":[{"name":"wp","href":"https:\/\/api.w.org\/{rel}","templated":true}]}}