{"id":2780,"date":"2020-02-28T22:18:32","date_gmt":"2020-02-28T21:18:32","guid":{"rendered":"http:\/\/www.fabiotordi.it\/blog\/?p=2780"},"modified":"2020-02-28T22:18:34","modified_gmt":"2020-02-28T21:18:34","slug":"ezechiele-25-17","status":"publish","type":"post","link":"https:\/\/www.fabiotordi.it\/blog\/?p=2780","title":{"rendered":"Ezechiele 25.17:"},"content":{"rendered":"\n<p>\u00abIl cammino dell&#8217;uomo timorato \u00e8 minacciato da ogni parte dalle iniquit\u00e0 degli esseri egoisti e dalla tirannia degli uomini malvagi. Benedetto sia colui che nel nome della carit\u00e0 e della buona volont\u00e0 conduce i deboli attraverso la valle delle tenebre; perch\u00e9 egli \u00e8 in verit\u00e0 il pastore di suo fratello e il ricercatore dei figli smarriti. E la mia giustizia caler\u00e0 sopra di loro con grandissima vendetta e furiosissimo sdegno su coloro che si proveranno ad ammorbare ed infine a distruggere i miei fratelli. E tu saprai che il mio nome \u00e8 quello del Signore quando far\u00f2 calare la mia vendetta sopra di te\u00bb<\/p>\n\n\n\n<figure class=\"wp-block-image\"><img decoding=\"async\" src=\"http:\/\/www.fabiotordi.it\/blog\/img\/20200228-ezechiele.jpg\" alt=\"\"\/><\/figure>\n","protected":false},"excerpt":{"rendered":"<p>\u00abIl cammino dell&#8217;uomo timorato \u00e8 minacciato da ogni parte dalle iniquit\u00e0 degli esseri egoisti e dalla tirannia degli uomini malvagi. Benedetto sia colui che nel nome della carit\u00e0 e della buona volont\u00e0 conduce i deboli attraverso la valle delle tenebre; perch\u00e9 egli \u00e8 in verit\u00e0 il pastore di suo fratello e il ricercatore dei figli [&hellip;]<\/p>\n","protected":false},"author":1,"featured_media":0,"comment_status":"open","ping_status":"open","sticky":false,"template":"","format":"standard","meta":{"_uag_custom_page_level_css":"","footnotes":""},"categories":[3],"tags":[],"class_list":["post-2780","post","type-post","status-publish","format-standard","hentry","category-altro"],"uagb_featured_image_src":{"full":false,"thumbnail":false,"medium":false,"medium_large":false,"large":false,"1536x1536":false,"2048x2048":false,"post-thumbnail":false,"post-image":false,"post-image-cover":false,"tptn_thumbnail":false},"uagb_author_info":{"display_name":"Fabio","author_link":"https:\/\/www.fabiotordi.it\/blog\/?author=1"},"uagb_comment_info":0,"uagb_excerpt":"\u00abIl cammino dell&#8217;uomo timorato \u00e8 minacciato da ogni parte dalle iniquit\u00e0 degli esseri egoisti e dalla tirannia degli uomini malvagi. Benedetto sia colui che nel nome della carit\u00e0 e della buona volont\u00e0 conduce i deboli attraverso la valle delle tenebre; perch\u00e9 egli \u00e8 in verit\u00e0 il pastore di suo fratello e il ricercatore dei figli&hellip;","_links":{"self":[{"href":"https:\/\/www.fabiotordi.it\/blog\/index.php?rest_route=\/wp\/v2\/posts\/2780","targetHints":{"allow":["GET"]}}],"collection":[{"href":"https:\/\/www.fabiotordi.it\/blog\/index.php?rest_route=\/wp\/v2\/posts"}],"about":[{"href":"https:\/\/www.fabiotordi.it\/blog\/index.php?rest_route=\/wp\/v2\/types\/post"}],"author":[{"embeddable":true,"href":"https:\/\/www.fabiotordi.it\/blog\/index.php?rest_route=\/wp\/v2\/users\/1"}],"replies":[{"embeddable":true,"href":"https:\/\/www.fabiotordi.it\/blog\/index.php?rest_route=%2Fwp%2Fv2%2Fcomments&post=2780"}],"version-history":[{"count":0,"href":"https:\/\/www.fabiotordi.it\/blog\/index.php?rest_route=\/wp\/v2\/posts\/2780\/revisions"}],"wp:attachment":[{"href":"https:\/\/www.fabiotordi.it\/blog\/index.php?rest_route=%2Fwp%2Fv2%2Fmedia&parent=2780"}],"wp:term":[{"taxonomy":"category","embeddable":true,"href":"https:\/\/www.fabiotordi.it\/blog\/index.php?rest_route=%2Fwp%2Fv2%2Fcategories&post=2780"},{"taxonomy":"post_tag","embeddable":true,"href":"https:\/\/www.fabiotordi.it\/blog\/index.php?rest_route=%2Fwp%2Fv2%2Ftags&post=2780"}],"curies":[{"name":"wp","href":"https:\/\/api.w.org\/{rel}","templated":true}]}}