{"id":2852,"date":"2020-07-27T21:35:41","date_gmt":"2020-07-27T20:35:41","guid":{"rendered":"http:\/\/www.fabiotordi.it\/blog\/?p=2852"},"modified":"2020-09-23T22:28:55","modified_gmt":"2020-09-23T21:28:55","slug":"piccolo-teatro","status":"publish","type":"post","link":"https:\/\/www.fabiotordi.it\/blog\/?p=2852","title":{"rendered":"Piccolo Teatro"},"content":{"rendered":"\n<p>E, la vita la vita&#8230; e la vita l&#8217;\u00e8 bela, l&#8217;\u00e8 bela, basta avere l&#8217;ombrela, l&#8217;ombrela. Ti ripara la testa, sembra un giorno di festa. E, la vita la vita&#8230;e la vita l&#8217;\u00e8 strana, l&#8217;\u00e8 strana, basta una persona, persona che si monta la testa&#8230; \u00e8 finita la festa!<\/p>\n\n\n\n<figure class=\"wp-block-image size-large\"><img decoding=\"async\" src=\"http:\/\/www.fabiotordi.it\/blog\/img\/20200727-piccolo.jpg\" alt=\"\"\/><\/figure>\n","protected":false},"excerpt":{"rendered":"<p>E, la vita la vita&#8230; e la vita l&#8217;\u00e8 bela, l&#8217;\u00e8 bela, basta avere l&#8217;ombrela, l&#8217;ombrela. Ti ripara la testa, sembra un giorno di festa. E, la vita la vita&#8230;e la vita l&#8217;\u00e8 strana, l&#8217;\u00e8 strana, basta una persona, persona che si monta la testa&#8230; \u00e8 finita la festa!<\/p>\n","protected":false},"author":1,"featured_media":0,"comment_status":"open","ping_status":"open","sticky":false,"template":"","format":"standard","meta":{"_uag_custom_page_level_css":"","footnotes":""},"categories":[7],"tags":[313,484],"class_list":["post-2852","post","type-post","status-publish","format-standard","hentry","category-citazioni","tag-milano","tag-teatro"],"uagb_featured_image_src":{"full":false,"thumbnail":false,"medium":false,"medium_large":false,"large":false,"1536x1536":false,"2048x2048":false,"post-thumbnail":false,"post-image":false,"post-image-cover":false,"tptn_thumbnail":false},"uagb_author_info":{"display_name":"Fabio","author_link":"https:\/\/www.fabiotordi.it\/blog\/?author=1"},"uagb_comment_info":0,"uagb_excerpt":"E, la vita la vita&#8230; e la vita l&#8217;\u00e8 bela, l&#8217;\u00e8 bela, basta avere l&#8217;ombrela, l&#8217;ombrela. Ti ripara la testa, sembra un giorno di festa. E, la vita la vita&#8230;e la vita l&#8217;\u00e8 strana, l&#8217;\u00e8 strana, basta una persona, persona che si monta la testa&#8230; \u00e8 finita la festa!","_links":{"self":[{"href":"https:\/\/www.fabiotordi.it\/blog\/index.php?rest_route=\/wp\/v2\/posts\/2852","targetHints":{"allow":["GET"]}}],"collection":[{"href":"https:\/\/www.fabiotordi.it\/blog\/index.php?rest_route=\/wp\/v2\/posts"}],"about":[{"href":"https:\/\/www.fabiotordi.it\/blog\/index.php?rest_route=\/wp\/v2\/types\/post"}],"author":[{"embeddable":true,"href":"https:\/\/www.fabiotordi.it\/blog\/index.php?rest_route=\/wp\/v2\/users\/1"}],"replies":[{"embeddable":true,"href":"https:\/\/www.fabiotordi.it\/blog\/index.php?rest_route=%2Fwp%2Fv2%2Fcomments&post=2852"}],"version-history":[{"count":0,"href":"https:\/\/www.fabiotordi.it\/blog\/index.php?rest_route=\/wp\/v2\/posts\/2852\/revisions"}],"wp:attachment":[{"href":"https:\/\/www.fabiotordi.it\/blog\/index.php?rest_route=%2Fwp%2Fv2%2Fmedia&parent=2852"}],"wp:term":[{"taxonomy":"category","embeddable":true,"href":"https:\/\/www.fabiotordi.it\/blog\/index.php?rest_route=%2Fwp%2Fv2%2Fcategories&post=2852"},{"taxonomy":"post_tag","embeddable":true,"href":"https:\/\/www.fabiotordi.it\/blog\/index.php?rest_route=%2Fwp%2Fv2%2Ftags&post=2852"}],"curies":[{"name":"wp","href":"https:\/\/api.w.org\/{rel}","templated":true}]}}