{"id":2853,"date":"2020-07-27T21:38:27","date_gmt":"2020-07-27T20:38:27","guid":{"rendered":"http:\/\/www.fabiotordi.it\/blog\/?p=2853"},"modified":"2020-09-21T14:04:01","modified_gmt":"2020-09-21T13:04:01","slug":"puntino","status":"publish","type":"post","link":"https:\/\/www.fabiotordi.it\/blog\/?p=2853","title":{"rendered":"Puntino in arrivo"},"content":{"rendered":"\n<p>In questi mesi, circa dall&#8217;inizio dell&#8217;anno, ho iniziato a scrivere a mio figlio (che sta per nascere). Ne \u00e8 venuto fuori un libro che sar\u00e0 presto in stampa.<br>Ecco due articoli che gi\u00e0 ne parlano:<\/p>\n\n\n\n<p><a href=\"https:\/\/www.vogheraseitu.it\/journal\/cultura\/18275-voghera-la-paura-del-covid-e-la-gioia-di-diventare-padre-la-prima-opera-di-tordi-per-aiutare-i-bambini-con-la-ccam?fbclid=IwAR0aYzT69zIvEE91qv2Xe0CQDdRKsA9soGM8mIL8D6rX4BeSsYur9d__504\">https:\/\/www.vogheraseitu.it\/journal\/cultura\/18275-voghera-la-paura-del-covid-e-la-gioia-di-diventare-padre-la-prima-opera-di-tordi-per-aiutare-i-bambini-con-la-ccam<\/a><\/p>\n\n\n\n<figure class=\"wp-block-embed-wordpress wp-block-embed is-type-wp-embed is-provider-oltrepolombardo\"><div class=\"wp-block-embed__wrapper\">\n<blockquote class=\"wp-embedded-content\" data-secret=\"czGBykk8Rt\"><a href=\"https:\/\/www.oltrepolombardo.com\/2020\/07\/22\/un-diario-sulla-gioia-della-paternita-lautore-fabio-tordi-donera-il-ricavato-allassociazione-bambini-con-la-ccam\/\">Un diario sulla gioia della paternit\u00e0, l\u2019autore Fabio Tordi doner\u00e0 il ricavato all\u2019associazione \u201cBambini con la CCAM\u201d<\/a><\/blockquote><iframe loading=\"lazy\" class=\"wp-embedded-content\" sandbox=\"allow-scripts\" security=\"restricted\" style=\"position: absolute; visibility: hidden;\" title=\"&#8220;Un diario sulla gioia della paternit\u00e0, l\u2019autore Fabio Tordi doner\u00e0 il ricavato all\u2019associazione \u201cBambini con la CCAM\u201d&#8221; &#8212; oltrepolombardo\" src=\"https:\/\/www.oltrepolombardo.com\/2020\/07\/22\/un-diario-sulla-gioia-della-paternita-lautore-fabio-tordi-donera-il-ricavato-allassociazione-bambini-con-la-ccam\/embed\/#?secret=iXQNVhpAdL#?secret=czGBykk8Rt\" data-secret=\"czGBykk8Rt\" width=\"600\" height=\"338\" frameborder=\"0\" marginwidth=\"0\" marginheight=\"0\" scrolling=\"no\"><\/iframe>\n<\/div><\/figure>\n","protected":false},"excerpt":{"rendered":"<p>In questi mesi, circa dall&#8217;inizio dell&#8217;anno, ho iniziato a scrivere a mio figlio (che sta per nascere). Ne \u00e8 venuto fuori un libro che sar\u00e0 presto in stampa.Ecco due articoli che gi\u00e0 ne parlano: https:\/\/www.vogheraseitu.it\/journal\/cultura\/18275-voghera-la-paura-del-covid-e-la-gioia-di-diventare-padre-la-prima-opera-di-tordi-per-aiutare-i-bambini-con-la-ccam<\/p>\n","protected":false},"author":1,"featured_media":0,"comment_status":"open","ping_status":"open","sticky":false,"template":"","format":"standard","meta":{"_uag_custom_page_level_css":"","footnotes":""},"categories":[3],"tags":[1202,1203,1200,1201,1199],"class_list":["post-2853","post","type-post","status-publish","format-standard","hentry","category-altro","tag-beneficenza","tag-ccam","tag-leo","tag-libro","tag-puntino"],"uagb_featured_image_src":{"full":false,"thumbnail":false,"medium":false,"medium_large":false,"large":false,"1536x1536":false,"2048x2048":false,"post-thumbnail":false,"post-image":false,"post-image-cover":false,"tptn_thumbnail":false},"uagb_author_info":{"display_name":"Fabio","author_link":"https:\/\/www.fabiotordi.it\/blog\/?author=1"},"uagb_comment_info":0,"uagb_excerpt":"In questi mesi, circa dall&#8217;inizio dell&#8217;anno, ho iniziato a scrivere a mio figlio (che sta per nascere). Ne \u00e8 venuto fuori un libro che sar\u00e0 presto in stampa.Ecco due articoli che gi\u00e0 ne parlano: https:\/\/www.vogheraseitu.it\/journal\/cultura\/18275-voghera-la-paura-del-covid-e-la-gioia-di-diventare-padre-la-prima-opera-di-tordi-per-aiutare-i-bambini-con-la-ccam","_links":{"self":[{"href":"https:\/\/www.fabiotordi.it\/blog\/index.php?rest_route=\/wp\/v2\/posts\/2853","targetHints":{"allow":["GET"]}}],"collection":[{"href":"https:\/\/www.fabiotordi.it\/blog\/index.php?rest_route=\/wp\/v2\/posts"}],"about":[{"href":"https:\/\/www.fabiotordi.it\/blog\/index.php?rest_route=\/wp\/v2\/types\/post"}],"author":[{"embeddable":true,"href":"https:\/\/www.fabiotordi.it\/blog\/index.php?rest_route=\/wp\/v2\/users\/1"}],"replies":[{"embeddable":true,"href":"https:\/\/www.fabiotordi.it\/blog\/index.php?rest_route=%2Fwp%2Fv2%2Fcomments&post=2853"}],"version-history":[{"count":0,"href":"https:\/\/www.fabiotordi.it\/blog\/index.php?rest_route=\/wp\/v2\/posts\/2853\/revisions"}],"wp:attachment":[{"href":"https:\/\/www.fabiotordi.it\/blog\/index.php?rest_route=%2Fwp%2Fv2%2Fmedia&parent=2853"}],"wp:term":[{"taxonomy":"category","embeddable":true,"href":"https:\/\/www.fabiotordi.it\/blog\/index.php?rest_route=%2Fwp%2Fv2%2Fcategories&post=2853"},{"taxonomy":"post_tag","embeddable":true,"href":"https:\/\/www.fabiotordi.it\/blog\/index.php?rest_route=%2Fwp%2Fv2%2Ftags&post=2853"}],"curies":[{"name":"wp","href":"https:\/\/api.w.org\/{rel}","templated":true}]}}