{"id":2970,"date":"2021-01-13T11:03:04","date_gmt":"2021-01-13T10:03:04","guid":{"rendered":"http:\/\/www.fabiotordi.it\/blog\/?p=2970"},"modified":"2021-01-13T11:03:06","modified_gmt":"2021-01-13T10:03:06","slug":"sfolgorante-successo","status":"publish","type":"post","link":"https:\/\/www.fabiotordi.it\/blog\/?p=2970","title":{"rendered":"Sfolgorante successo"},"content":{"rendered":"\n<p><strong> &#8220;La Trebbia&#8221; &#8211; Gioved\u00ec 16 dicembre 2010<\/strong><\/p>\n\n\n\n<p><strong>Lo sfolgorante successo nel commercio del cav. Siro del Brallo<\/strong>.<\/p>\n\n\n\n<p>Cesta a tracolla e su e gi\u00f9 per le strade e i sentieri della Val Boreca. Strade scoscese, sentieri ripidi, una fatica improba talvolta per bussare alle case di quelle popolazioni di montagna, allora molto povere e talvolta senza il necessario per vivere. Questo ragazzotto, Siro Tordi, si stava inventando un mestiere. Non gli mancava la fantasia e la creativit\u00e0 adolescenziale, e a quei tempi occorreva proprio guardarsi attorno, riflettere e pensare seriamente come guadagnarsi il pane. Questi gli inizi, negli anni lontani, quando le nostre vallate erano ancora molto popolate e la gente si accontentava di quel poco che aveva e che poteva ricavare da pochi animali nella stalla e dai magri raccolti di quelle fascette a strapiombo sul Boreca. Dall&#8217;alto vegliava su tutto il Lesima, il monte quasi sacro per le antiche popolazioni della valle. ma non dur\u00f2 molto quel lavoro itinerante. Il giovane Siro mut\u00f2 presto idee e prospettive. A poco a poco riusc\u00ec a cambiare anche orientamento. Stava maturando in lui la voglia di un lavoro pi\u00f9 redditizio e anche pi\u00f9 soddisfacente.Dalla cesta a tracolla, dunque, al commercio in altra forma, con negozi a Brallo e a Voghera di altri generi e altri prodotti.La vita per il giovane Siro stava cambiando radicalmente. Intelligente intuito e una buona dose di furbizia quanto basta per comprendere i tempi in prospettiva di futuro diedero il colpo decisivo per una svolta radicale. Non pi\u00f9 la cesta a tracolla, ma un&#8217;attivit\u00e0 stanziale al Brallo e a Voghera: negozi di abbigliamento, scarpe, pellicce e tant&#8217;altro a livello popolare, ma anche in prospettiva di presentare i prodotti a villeggianti e residenti di gusto fine e di varie pretese stilistiche. A poco a poco il commercio aumentava nel suo volume di affari. Il cav. Siro del Brallo, coadiuvato dalla moglie sig. Rita e dai figli Ivo, Cinzia e Fabio allargavano gli interessi di vendita, ma soprattutto la cerchia clientelare nell&#8217;Oltrep\u00f2 pavese, nel territorio bobbiese e genovese. Anche lo scorso anno durante il mese di agosto la famiglia aveva organizzato al Brallo una grande sfilata di &#8220;Anteprima inverno 2010 \u2014 Pelle e pellicceria&#8221; con la straordinaria presenza di Tony Dallara, in collaborazione con la Pro Loco e il Comune di Brallo di Pregola. Nella famiglia di Siro ha un grande valore la gestione &#8220;conviviale&#8221;: lavorano insieme i figli che nel frattempo si sono laureati e che sostengono robustamente l&#8217;attivit\u00e0 del padre. Il cav. Siro \u00e8 anche uomo generoso con i poveri e i bisognosi. Nei suoi negozi sa essere solidale con chi dimostra di non avere il necessario per vivere. Lui, che ha sperimentato da giovane la povert\u00e0, comprende e aiuta, sempre.<\/p>\n\n\n\n<p>dogui<\/p>\n\n\n\n<figure class=\"wp-block-image size-large\"><img loading=\"lazy\" decoding=\"async\" width=\"745\" height=\"1024\" src=\"http:\/\/www.fabiotordi.it\/blog\/wp-content\/uploads\/2021\/01\/Immagine-745x1024.jpg\" alt=\"\" class=\"wp-image-2971\" srcset=\"https:\/\/www.fabiotordi.it\/blog\/wp-content\/uploads\/2021\/01\/Immagine-745x1024.jpg 745w, https:\/\/www.fabiotordi.it\/blog\/wp-content\/uploads\/2021\/01\/Immagine-218x300.jpg 218w, https:\/\/www.fabiotordi.it\/blog\/wp-content\/uploads\/2021\/01\/Immagine-768x1056.jpg 768w, https:\/\/www.fabiotordi.it\/blog\/wp-content\/uploads\/2021\/01\/Immagine-1117x1536.jpg 1117w, https:\/\/www.fabiotordi.it\/blog\/wp-content\/uploads\/2021\/01\/Immagine-1489x2048.jpg 1489w, https:\/\/www.fabiotordi.it\/blog\/wp-content\/uploads\/2021\/01\/Immagine-900x1238.jpg 900w, https:\/\/www.fabiotordi.it\/blog\/wp-content\/uploads\/2021\/01\/Immagine-1280x1760.jpg 1280w, https:\/\/www.fabiotordi.it\/blog\/wp-content\/uploads\/2021\/01\/Immagine-scaled.jpg 1861w\" sizes=\"auto, (max-width: 745px) 100vw, 745px\" \/><\/figure>\n","protected":false},"excerpt":{"rendered":"<p>&#8220;La Trebbia&#8221; &#8211; Gioved\u00ec 16 dicembre 2010 Lo sfolgorante successo nel commercio del cav. Siro del Brallo. Cesta a tracolla e su e gi\u00f9 per le strade e i sentieri della Val Boreca. Strade scoscese, sentieri ripidi, una fatica improba talvolta per bussare alle case di quelle popolazioni di montagna, allora molto povere e talvolta [&hellip;]<\/p>\n","protected":false},"author":1,"featured_media":0,"comment_status":"open","ping_status":"open","sticky":false,"template":"","format":"standard","meta":{"_uag_custom_page_level_css":"","footnotes":""},"categories":[3],"tags":[],"class_list":["post-2970","post","type-post","status-publish","format-standard","hentry","category-altro"],"uagb_featured_image_src":{"full":false,"thumbnail":false,"medium":false,"medium_large":false,"large":false,"1536x1536":false,"2048x2048":false,"post-thumbnail":false,"post-image":false,"post-image-cover":false,"tptn_thumbnail":false},"uagb_author_info":{"display_name":"Fabio","author_link":"https:\/\/www.fabiotordi.it\/blog\/?author=1"},"uagb_comment_info":0,"uagb_excerpt":"&#8220;La Trebbia&#8221; &#8211; Gioved\u00ec 16 dicembre 2010 Lo sfolgorante successo nel commercio del cav. Siro del Brallo. Cesta a tracolla e su e gi\u00f9 per le strade e i sentieri della Val Boreca. Strade scoscese, sentieri ripidi, una fatica improba talvolta per bussare alle case di quelle popolazioni di montagna, allora molto povere e talvolta&hellip;","_links":{"self":[{"href":"https:\/\/www.fabiotordi.it\/blog\/index.php?rest_route=\/wp\/v2\/posts\/2970","targetHints":{"allow":["GET"]}}],"collection":[{"href":"https:\/\/www.fabiotordi.it\/blog\/index.php?rest_route=\/wp\/v2\/posts"}],"about":[{"href":"https:\/\/www.fabiotordi.it\/blog\/index.php?rest_route=\/wp\/v2\/types\/post"}],"author":[{"embeddable":true,"href":"https:\/\/www.fabiotordi.it\/blog\/index.php?rest_route=\/wp\/v2\/users\/1"}],"replies":[{"embeddable":true,"href":"https:\/\/www.fabiotordi.it\/blog\/index.php?rest_route=%2Fwp%2Fv2%2Fcomments&post=2970"}],"version-history":[{"count":0,"href":"https:\/\/www.fabiotordi.it\/blog\/index.php?rest_route=\/wp\/v2\/posts\/2970\/revisions"}],"wp:attachment":[{"href":"https:\/\/www.fabiotordi.it\/blog\/index.php?rest_route=%2Fwp%2Fv2%2Fmedia&parent=2970"}],"wp:term":[{"taxonomy":"category","embeddable":true,"href":"https:\/\/www.fabiotordi.it\/blog\/index.php?rest_route=%2Fwp%2Fv2%2Fcategories&post=2970"},{"taxonomy":"post_tag","embeddable":true,"href":"https:\/\/www.fabiotordi.it\/blog\/index.php?rest_route=%2Fwp%2Fv2%2Ftags&post=2970"}],"curies":[{"name":"wp","href":"https:\/\/api.w.org\/{rel}","templated":true}]}}