{"id":3046,"date":"2021-05-24T22:50:23","date_gmt":"2021-05-24T21:50:23","guid":{"rendered":"http:\/\/www.fabiotordi.it\/blog\/?p=3046"},"modified":"2021-05-24T22:50:24","modified_gmt":"2021-05-24T21:50:24","slug":"il-tuono","status":"publish","type":"post","link":"https:\/\/www.fabiotordi.it\/blog\/?p=3046","title":{"rendered":"Il tuono"},"content":{"rendered":"\n<p>E nella notte nera come il nulla,<br>a un tratto, col fragor d&#8217;arduo dirupo<br>che frana, il tuono rimbomb\u00f2 di schianto:<br>rimbomb\u00f2, rimbalz\u00f2, rotol\u00f2 cupo,<br>e tacque, e poi rimareggi\u00f2 rinfranto,<br>e poi van\u00ec. Soave allora un canto<br>s&#8217;ud\u00ec di madre, e il moto di una culla.<\/p>\n\n\n\n<p>Giovanni Pascoli <\/p>\n\n\n\n<figure class=\"wp-block-image size-large\"><img loading=\"lazy\" decoding=\"async\" width=\"768\" height=\"1024\" src=\"http:\/\/www.fabiotordi.it\/blog\/wp-content\/uploads\/2021\/05\/169961655_10224764091990139_5577163357260076350_n-768x1024.jpg\" alt=\"\" class=\"wp-image-3047\" srcset=\"https:\/\/www.fabiotordi.it\/blog\/wp-content\/uploads\/2021\/05\/169961655_10224764091990139_5577163357260076350_n-768x1024.jpg 768w, https:\/\/www.fabiotordi.it\/blog\/wp-content\/uploads\/2021\/05\/169961655_10224764091990139_5577163357260076350_n-225x300.jpg 225w, https:\/\/www.fabiotordi.it\/blog\/wp-content\/uploads\/2021\/05\/169961655_10224764091990139_5577163357260076350_n-1152x1536.jpg 1152w, https:\/\/www.fabiotordi.it\/blog\/wp-content\/uploads\/2021\/05\/169961655_10224764091990139_5577163357260076350_n-900x1200.jpg 900w, https:\/\/www.fabiotordi.it\/blog\/wp-content\/uploads\/2021\/05\/169961655_10224764091990139_5577163357260076350_n.jpg 1200w\" sizes=\"auto, (max-width: 768px) 100vw, 768px\" \/><\/figure>\n","protected":false},"excerpt":{"rendered":"<p>E nella notte nera come il nulla,a un tratto, col fragor d&#8217;arduo dirupoche frana, il tuono rimbomb\u00f2 di schianto:rimbomb\u00f2, rimbalz\u00f2, rotol\u00f2 cupo,e tacque, e poi rimareggi\u00f2 rinfranto,e poi van\u00ec. Soave allora un cantos&#8217;ud\u00ec di madre, e il moto di una culla. Giovanni Pascoli<\/p>\n","protected":false},"author":1,"featured_media":0,"comment_status":"open","ping_status":"open","sticky":false,"template":"","format":"standard","meta":{"_uag_custom_page_level_css":"","footnotes":""},"categories":[3],"tags":[],"class_list":["post-3046","post","type-post","status-publish","format-standard","hentry","category-altro"],"uagb_featured_image_src":{"full":false,"thumbnail":false,"medium":false,"medium_large":false,"large":false,"1536x1536":false,"2048x2048":false,"post-thumbnail":false,"post-image":false,"post-image-cover":false,"tptn_thumbnail":false},"uagb_author_info":{"display_name":"Fabio","author_link":"https:\/\/www.fabiotordi.it\/blog\/?author=1"},"uagb_comment_info":0,"uagb_excerpt":"E nella notte nera come il nulla,a un tratto, col fragor d&#8217;arduo dirupoche frana, il tuono rimbomb\u00f2 di schianto:rimbomb\u00f2, rimbalz\u00f2, rotol\u00f2 cupo,e tacque, e poi rimareggi\u00f2 rinfranto,e poi van\u00ec. Soave allora un cantos&#8217;ud\u00ec di madre, e il moto di una culla. Giovanni Pascoli","_links":{"self":[{"href":"https:\/\/www.fabiotordi.it\/blog\/index.php?rest_route=\/wp\/v2\/posts\/3046","targetHints":{"allow":["GET"]}}],"collection":[{"href":"https:\/\/www.fabiotordi.it\/blog\/index.php?rest_route=\/wp\/v2\/posts"}],"about":[{"href":"https:\/\/www.fabiotordi.it\/blog\/index.php?rest_route=\/wp\/v2\/types\/post"}],"author":[{"embeddable":true,"href":"https:\/\/www.fabiotordi.it\/blog\/index.php?rest_route=\/wp\/v2\/users\/1"}],"replies":[{"embeddable":true,"href":"https:\/\/www.fabiotordi.it\/blog\/index.php?rest_route=%2Fwp%2Fv2%2Fcomments&post=3046"}],"version-history":[{"count":0,"href":"https:\/\/www.fabiotordi.it\/blog\/index.php?rest_route=\/wp\/v2\/posts\/3046\/revisions"}],"wp:attachment":[{"href":"https:\/\/www.fabiotordi.it\/blog\/index.php?rest_route=%2Fwp%2Fv2%2Fmedia&parent=3046"}],"wp:term":[{"taxonomy":"category","embeddable":true,"href":"https:\/\/www.fabiotordi.it\/blog\/index.php?rest_route=%2Fwp%2Fv2%2Fcategories&post=3046"},{"taxonomy":"post_tag","embeddable":true,"href":"https:\/\/www.fabiotordi.it\/blog\/index.php?rest_route=%2Fwp%2Fv2%2Ftags&post=3046"}],"curies":[{"name":"wp","href":"https:\/\/api.w.org\/{rel}","templated":true}]}}