{"id":3056,"date":"2021-06-17T10:10:23","date_gmt":"2021-06-17T09:10:23","guid":{"rendered":"http:\/\/www.fabiotordi.it\/blog\/?p=3056"},"modified":"2021-06-17T10:10:24","modified_gmt":"2021-06-17T09:10:24","slug":"quando-il-cielo-era-il-mare-e-le-nuvole-balene","status":"publish","type":"post","link":"https:\/\/www.fabiotordi.it\/blog\/?p=3056","title":{"rendered":"Quando il cielo era il mare e le nuvole balene"},"content":{"rendered":"\n<p>Ho letto questo libro di <strong>Guido Conti<\/strong>: &#8220;Quando  il cielo era il mare e le nuvole balene&#8221;.<\/p>\n\n\n\n<p>Molto bello, scritto <strong>benissimo<\/strong>. Un racconto a cavallo della <strong>seconda guerra<\/strong> <strong>mondiale <\/strong>che narra le vicende di un bambino, poi ragazzo, poi uomo, nella campagna parmense sull&#8217;argine del Po. Una famiglia povera, travolta dagli eventi (e non solo).<\/p>\n\n\n\n<p>Al di l\u00e0 della storia, \u00e8 la scrittura, \u00e8 la narrazione, \u00e8 la costruzione che ti avvince, ti <strong>coinvolge<\/strong>, ti porta ad essere l\u00e0. Un libro <strong>d&#8217;autore<\/strong>, indubbiamente. Autore con la A maiuscola.  Nelle mani giuste, ci uscirebbe anche <strong>un gran bel film<\/strong>.<\/p>\n\n\n\n<p>Complimenti a Guido, che spero mi perdoner\u00e0 l&#8217;estremo ritardo con cui ho letto il suo libro, ma ho sempre &#8220;<em>infinite cose da fare e cos\u00ec poco tempo<\/em>&#8220;<\/p>\n\n\n\n<figure class=\"wp-block-image size-large\"><img loading=\"lazy\" decoding=\"async\" width=\"979\" height=\"1024\" src=\"http:\/\/www.fabiotordi.it\/blog\/wp-content\/uploads\/2021\/06\/IMG_20210616_182145-979x1024.jpg\" alt=\"\" class=\"wp-image-3057\" srcset=\"https:\/\/www.fabiotordi.it\/blog\/wp-content\/uploads\/2021\/06\/IMG_20210616_182145-979x1024.jpg 979w, https:\/\/www.fabiotordi.it\/blog\/wp-content\/uploads\/2021\/06\/IMG_20210616_182145-287x300.jpg 287w, https:\/\/www.fabiotordi.it\/blog\/wp-content\/uploads\/2021\/06\/IMG_20210616_182145-768x803.jpg 768w, https:\/\/www.fabiotordi.it\/blog\/wp-content\/uploads\/2021\/06\/IMG_20210616_182145-1469x1536.jpg 1469w, https:\/\/www.fabiotordi.it\/blog\/wp-content\/uploads\/2021\/06\/IMG_20210616_182145-1959x2048.jpg 1959w, https:\/\/www.fabiotordi.it\/blog\/wp-content\/uploads\/2021\/06\/IMG_20210616_182145-900x941.jpg 900w, https:\/\/www.fabiotordi.it\/blog\/wp-content\/uploads\/2021\/06\/IMG_20210616_182145-1280x1338.jpg 1280w\" sizes=\"auto, (max-width: 979px) 100vw, 979px\" \/><\/figure>\n","protected":false},"excerpt":{"rendered":"<p>Ho letto questo libro di Guido Conti: &#8220;Quando il cielo era il mare e le nuvole balene&#8221;. Molto bello, scritto benissimo. Un racconto a cavallo della seconda guerra mondiale che narra le vicende di un bambino, poi ragazzo, poi uomo, nella campagna parmense sull&#8217;argine del Po. Una famiglia povera, travolta dagli eventi (e non solo). [&hellip;]<\/p>\n","protected":false},"author":1,"featured_media":0,"comment_status":"open","ping_status":"open","sticky":false,"template":"","format":"standard","meta":{"_uag_custom_page_level_css":"","footnotes":""},"categories":[3],"tags":[],"class_list":["post-3056","post","type-post","status-publish","format-standard","hentry","category-altro"],"uagb_featured_image_src":{"full":false,"thumbnail":false,"medium":false,"medium_large":false,"large":false,"1536x1536":false,"2048x2048":false,"post-thumbnail":false,"post-image":false,"post-image-cover":false,"tptn_thumbnail":false},"uagb_author_info":{"display_name":"Fabio","author_link":"https:\/\/www.fabiotordi.it\/blog\/?author=1"},"uagb_comment_info":0,"uagb_excerpt":"Ho letto questo libro di Guido Conti: &#8220;Quando il cielo era il mare e le nuvole balene&#8221;. Molto bello, scritto benissimo. Un racconto a cavallo della seconda guerra mondiale che narra le vicende di un bambino, poi ragazzo, poi uomo, nella campagna parmense sull&#8217;argine del Po. Una famiglia povera, travolta dagli eventi (e non solo).&hellip;","_links":{"self":[{"href":"https:\/\/www.fabiotordi.it\/blog\/index.php?rest_route=\/wp\/v2\/posts\/3056","targetHints":{"allow":["GET"]}}],"collection":[{"href":"https:\/\/www.fabiotordi.it\/blog\/index.php?rest_route=\/wp\/v2\/posts"}],"about":[{"href":"https:\/\/www.fabiotordi.it\/blog\/index.php?rest_route=\/wp\/v2\/types\/post"}],"author":[{"embeddable":true,"href":"https:\/\/www.fabiotordi.it\/blog\/index.php?rest_route=\/wp\/v2\/users\/1"}],"replies":[{"embeddable":true,"href":"https:\/\/www.fabiotordi.it\/blog\/index.php?rest_route=%2Fwp%2Fv2%2Fcomments&post=3056"}],"version-history":[{"count":0,"href":"https:\/\/www.fabiotordi.it\/blog\/index.php?rest_route=\/wp\/v2\/posts\/3056\/revisions"}],"wp:attachment":[{"href":"https:\/\/www.fabiotordi.it\/blog\/index.php?rest_route=%2Fwp%2Fv2%2Fmedia&parent=3056"}],"wp:term":[{"taxonomy":"category","embeddable":true,"href":"https:\/\/www.fabiotordi.it\/blog\/index.php?rest_route=%2Fwp%2Fv2%2Fcategories&post=3056"},{"taxonomy":"post_tag","embeddable":true,"href":"https:\/\/www.fabiotordi.it\/blog\/index.php?rest_route=%2Fwp%2Fv2%2Ftags&post=3056"}],"curies":[{"name":"wp","href":"https:\/\/api.w.org\/{rel}","templated":true}]}}