{"id":3064,"date":"2021-07-14T21:45:01","date_gmt":"2021-07-14T20:45:01","guid":{"rendered":"http:\/\/www.fabiotordi.it\/blog\/?p=3064"},"modified":"2021-07-14T21:45:02","modified_gmt":"2021-07-14T20:45:02","slug":"la-ragazza-nella-nebbia","status":"publish","type":"post","link":"https:\/\/www.fabiotordi.it\/blog\/?p=3064","title":{"rendered":"La ragazza nella nebbia"},"content":{"rendered":"\n<p>Ho letto questo libro di <strong>Donato Carrisi<\/strong>: &#8220;<strong>La ragazza nella nebbia<\/strong>&#8220;<\/p>\n\n\n\n<p>Avevo sempre sentito parlare di questo autore, ma <strong>non avevo mai<\/strong> letto niente. Devo dire che la costruzione del racconto mi \u00e8 piaciuta: un sacco di salti temporali, ma nonostante quello \u00e8 <strong>comprensibilissimo<\/strong> da subito.<\/p>\n\n\n\n<p>Un <strong>delitto<\/strong>, un fatto che rompe la tranquilla quiete di un paesino di montagna, proprio durante le feste di Natale. Un investigatore molto noto e <strong>senza scrupoli<\/strong>. Un sospettato. Diversi <strong>colpi di scena<\/strong>.<\/p>\n\n\n\n<figure class=\"wp-block-image size-large\"><img loading=\"lazy\" decoding=\"async\" width=\"1024\" height=\"1024\" src=\"http:\/\/www.fabiotordi.it\/blog\/wp-content\/uploads\/2021\/07\/IMG_20210620_192622-1024x1024.jpg\" alt=\"\" class=\"wp-image-3065\" srcset=\"https:\/\/www.fabiotordi.it\/blog\/wp-content\/uploads\/2021\/07\/IMG_20210620_192622-1024x1024.jpg 1024w, https:\/\/www.fabiotordi.it\/blog\/wp-content\/uploads\/2021\/07\/IMG_20210620_192622-300x300.jpg 300w, https:\/\/www.fabiotordi.it\/blog\/wp-content\/uploads\/2021\/07\/IMG_20210620_192622-150x150.jpg 150w, https:\/\/www.fabiotordi.it\/blog\/wp-content\/uploads\/2021\/07\/IMG_20210620_192622-768x768.jpg 768w, https:\/\/www.fabiotordi.it\/blog\/wp-content\/uploads\/2021\/07\/IMG_20210620_192622-1536x1536.jpg 1536w, https:\/\/www.fabiotordi.it\/blog\/wp-content\/uploads\/2021\/07\/IMG_20210620_192622-2048x2048.jpg 2048w, https:\/\/www.fabiotordi.it\/blog\/wp-content\/uploads\/2021\/07\/IMG_20210620_192622-88x88.jpg 88w, https:\/\/www.fabiotordi.it\/blog\/wp-content\/uploads\/2021\/07\/IMG_20210620_192622-900x900.jpg 900w, https:\/\/www.fabiotordi.it\/blog\/wp-content\/uploads\/2021\/07\/IMG_20210620_192622-1280x1280.jpg 1280w\" sizes=\"auto, (max-width: 1024px) 100vw, 1024px\" \/><\/figure>\n\n\n\n<p>Tutto costruito molto bene, a parte il finale che a parer mio \u00e8 <strong>troppo frettoloso<\/strong> nella spiegazione. Resta un buon libro d&#8217;evasione. Ne legger\u00f2 altri (chiss\u00e0 quando, vista la mia lista pressoch\u00e9 infinita di libri da leggere. Quando lo dico la gente non ci crede, ma solitamente il tempo tra l&#8217;acquisto di un un libro e la lettura \u00e8 mediamente di un paio di anni, con <strong>media di un anno e mezzo<\/strong>, punte di 4\/5 anni e pochissimi casi in cui passano solo 2\/3 mesi. In questo momento ho qualcosa come oltre una quarantina di libri in coda, ma prima o poi, tranquilli, li leggo)<\/p>\n","protected":false},"excerpt":{"rendered":"<p>Ho letto questo libro di Donato Carrisi: &#8220;La ragazza nella nebbia&#8220; Avevo sempre sentito parlare di questo autore, ma non avevo mai letto niente. Devo dire che la costruzione del racconto mi \u00e8 piaciuta: un sacco di salti temporali, ma nonostante quello \u00e8 comprensibilissimo da subito. Un delitto, un fatto che rompe la tranquilla quiete [&hellip;]<\/p>\n","protected":false},"author":1,"featured_media":0,"comment_status":"open","ping_status":"open","sticky":false,"template":"","format":"standard","meta":{"_uag_custom_page_level_css":"","footnotes":""},"categories":[3],"tags":[],"class_list":["post-3064","post","type-post","status-publish","format-standard","hentry","category-altro"],"uagb_featured_image_src":{"full":false,"thumbnail":false,"medium":false,"medium_large":false,"large":false,"1536x1536":false,"2048x2048":false,"post-thumbnail":false,"post-image":false,"post-image-cover":false,"tptn_thumbnail":false},"uagb_author_info":{"display_name":"Fabio","author_link":"https:\/\/www.fabiotordi.it\/blog\/?author=1"},"uagb_comment_info":0,"uagb_excerpt":"Ho letto questo libro di Donato Carrisi: &#8220;La ragazza nella nebbia&#8220; Avevo sempre sentito parlare di questo autore, ma non avevo mai letto niente. Devo dire che la costruzione del racconto mi \u00e8 piaciuta: un sacco di salti temporali, ma nonostante quello \u00e8 comprensibilissimo da subito. Un delitto, un fatto che rompe la tranquilla quiete&hellip;","_links":{"self":[{"href":"https:\/\/www.fabiotordi.it\/blog\/index.php?rest_route=\/wp\/v2\/posts\/3064","targetHints":{"allow":["GET"]}}],"collection":[{"href":"https:\/\/www.fabiotordi.it\/blog\/index.php?rest_route=\/wp\/v2\/posts"}],"about":[{"href":"https:\/\/www.fabiotordi.it\/blog\/index.php?rest_route=\/wp\/v2\/types\/post"}],"author":[{"embeddable":true,"href":"https:\/\/www.fabiotordi.it\/blog\/index.php?rest_route=\/wp\/v2\/users\/1"}],"replies":[{"embeddable":true,"href":"https:\/\/www.fabiotordi.it\/blog\/index.php?rest_route=%2Fwp%2Fv2%2Fcomments&post=3064"}],"version-history":[{"count":0,"href":"https:\/\/www.fabiotordi.it\/blog\/index.php?rest_route=\/wp\/v2\/posts\/3064\/revisions"}],"wp:attachment":[{"href":"https:\/\/www.fabiotordi.it\/blog\/index.php?rest_route=%2Fwp%2Fv2%2Fmedia&parent=3064"}],"wp:term":[{"taxonomy":"category","embeddable":true,"href":"https:\/\/www.fabiotordi.it\/blog\/index.php?rest_route=%2Fwp%2Fv2%2Fcategories&post=3064"},{"taxonomy":"post_tag","embeddable":true,"href":"https:\/\/www.fabiotordi.it\/blog\/index.php?rest_route=%2Fwp%2Fv2%2Ftags&post=3064"}],"curies":[{"name":"wp","href":"https:\/\/api.w.org\/{rel}","templated":true}]}}