{"id":3105,"date":"2021-11-30T18:23:27","date_gmt":"2021-11-30T17:23:27","guid":{"rendered":"http:\/\/www.fabiotordi.it\/blog\/?p=3105"},"modified":"2021-11-30T18:23:29","modified_gmt":"2021-11-30T17:23:29","slug":"50-sfumature-di-pinot-noir","status":"publish","type":"post","link":"https:\/\/www.fabiotordi.it\/blog\/?p=3105","title":{"rendered":"50 sfumature di Pinot Noir"},"content":{"rendered":"\n<p>Lettera aperta al <a href=\"https:\/\/www.facebook.com\/MTVLombardia\/?__cft__[0]=AZU8v-nax3qPM9eVu-Edj1ETx1_4RewazS8omB2cEXBdb_SePTBJzMxFbc5EALxl1NipInh7eTxXQ3p4daKhwFCLbCXBj3bAQCi0lF8_HEjZD9KJJGLwjrBPGXD4Zrwx83aOeGvOHU3VsBT2HPsNTvWC&amp;__tn__=kK-R\">Movimento Turismo del Vino Lombardia<\/a> riguardo dell&#8217;evento <a href=\"https:\/\/www.facebook.com\/events\/385675573010030\/?__cft__[0]=AZU8v-nax3qPM9eVu-Edj1ETx1_4RewazS8omB2cEXBdb_SePTBJzMxFbc5EALxl1NipInh7eTxXQ3p4daKhwFCLbCXBj3bAQCi0lF8_HEjZD9KJJGLwjrBPGXD4Zrwx83aOeGvOHU3VsBT2HPsNTvWC&amp;__tn__=-UK-R\">50 Sfumature di Pinot Noir IIa Edizione<\/a><\/p>\n\n\n\n<p>Spoiler: meravigliosa manifestazione, migliorabile in alcuni punti dell&#8217;organizzazione.<\/p>\n\n\n\n<p>La manifestazione \u00e8 stata fantastica, mi si riempie il cuore quando vedo Voghera cos\u00ec viva. Gente di Voghera, dei paesi vicini, ma anche proveniente da lontano; bar e attivit\u00e0 che hanno lavorato bene, punti degustazione presi d&#8217;assalto; al castello la presentazione del libro di Oscar Farinetti.<\/p>\n\n\n\n<p>Una bella pagina per questa citt\u00e0, che ne aveva proprio bisogno, e un vetrina per un prodotto, il vino, che \u00e8, e deve essere sicuramente, insieme agli altri prodotti gastronomici, una gemma del territorio, un volano per il turismo. Voghera, che da sempre si professa &#8220;capitale&#8221; dell&#8217;Oltrep\u00f2 Pavese, terra di ottimi vini, sta finalmente dando significato a questa parola grazie anche, e soprattutto, a queste manifestazioni.<\/p>\n\n\n\n<p>Pertanto complimenti agli organizzatori e a tutti i partecipanti. Non mi dilungo con le lodi, ma sappiate che sono sincere e meritate.<\/p>\n\n\n\n<p>Detto questo, vi espongo la mia esperienza in qualit\u00e0 di negoziante che ha partecipato all&#8217;iniziativa &#8220;ospitando&#8221; all&#8217;esterno del proprio negozio (Piazza Affari Outlet in via Cavour) un punto degustazione vini. Dico subito che non \u00e8 andata benissimo e vi spiego il mio punto di vista in base alla mia opinione personale. Sto parlando delle persone che hanno raggiunto la postazione per degustare il vino proposto, che sono state davvero un esiguo numero, in tutte e tre le giornate (un esempio: in tutta domenica \u00e8 &#8220;andata&#8221; una sola bottiglia e un terzo della seconda)<\/p>\n\n\n\n<p>In primo luogo suggerirei di fare in modo che la via sia chiusa al traffico, in quanto il continuo imperterrito passaggio di auto (in alcune ore del pomeriggio senza soluzione di continuit\u00e0) non invoglia certo l&#8217;enoturista a passeggiare per la via in cerca di vini da assaggiare. Suggerirei altres\u00ec di mettere una postazione di vendita del kit degustazione all&#8217;inizio della via, magari proprio nel punto in cui inizierebbe la zona pedonale, in modo da facilitare tutti quelli che provengono da sud. Molte persone avrebbero voluto assaggiare il vino, ma quando l&#8217;addetto spiegava che avrebbero dovuto recarsi in piazza duomo per acquistare il kit e poi tornare indietro, ovviamente sceglievano uno degli altri 49 punti pi\u00f9 facilmente raggiungibili. Mi si potrebbe replicare che c&#8217;era il punto vendita kit presso il negozio della mia amica Barbara Allegrini, ma a chiunque l&#8217;abbiamo proposto ha risposto &#8220;allora preferisco andare in Piazza Duomo, almeno poi sono pi\u00f9 comodo, con tutte quelle postazioni in centro&#8221;.<\/p>\n\n\n\n<p>In questo modo verrebbe valorizzata anche Piazza Liberazione (&#8220;piazza Castello&#8221;), che seppur sia stata coinvolta con la presentazione del libro, non era frequentata come avrebbe meritato (e come \u00e8 capitato in altre occasioni, ve lo dice uno che ha il negozio l\u00ec davanti da 24 anni) e, a traino, sarebbero pi\u00f9 coinvolti e invogliati anche gli altri commercianti di via Cavour: in pi\u00f9 si partecipa e pi\u00f9 invogliati sono gli utenti a frequentare anche questa via.<\/p>\n\n\n\n<figure class=\"wp-block-image size-large\"><img loading=\"lazy\" decoding=\"async\" width=\"720\" height=\"960\" src=\"http:\/\/www.fabiotordi.it\/blog\/wp-content\/uploads\/2021\/11\/245620287_10225965854513451_304804155117928724_n.jpg\" alt=\"\" class=\"wp-image-3106\" srcset=\"https:\/\/www.fabiotordi.it\/blog\/wp-content\/uploads\/2021\/11\/245620287_10225965854513451_304804155117928724_n.jpg 720w, https:\/\/www.fabiotordi.it\/blog\/wp-content\/uploads\/2021\/11\/245620287_10225965854513451_304804155117928724_n-225x300.jpg 225w\" sizes=\"auto, (max-width: 720px) 100vw, 720px\" \/><\/figure>\n\n\n\n<p>Infine volevo fare una &#8220;tirata d&#8217;orecchie&#8221; alla cantina che si \u00e8 gentilmente prestata a far assaggiare i propri vini presso il mio negozio: in tre giorni di manifestazione non si \u00e8 mai presentato nessuno di tale cantina, n\u00e9 a me &#8211; pazienza &#8211; n\u00e9 tantomeno agli studenti che si sono cordialmente prestati a fare i volontari e a servire il vino. Il pomeriggio di venerd\u00ec la ragazza addetta non \u00e8 riuscita neppure a recuperare una bottiglia di vino della cantina prevista, per finire a dover servire un vino del Trentino. Non dovrei aggiungere altro, invece aggiungo che il ragazzo che ha presenziato sia sabato che domenica ha ricevuto il vino, ma non una seppur minima scheda dello stesso, e ha cos\u00ec dovuto cercarsi autonomamente su internet (!) le qualit\u00e0 del vino proposto. Eh no, cos\u00ec NON va bene. Quando qualche avventore gli faceva delle domande un po&#8217; pi\u00f9 precise, andava in imbarazzo, rischiando di fare brutta figura, farla fare alla cantina, e all&#8217;intera manifestazione.Tutto questo lungo post non vuol certo dare addosso alla manifestazione, che ripeto reputo grandiosa, e men che meno agli organizzatori (purtroppo non riesco a taggarli, sento dire che sono un po &#8220;stufi&#8221; e stanchi delle lamentele. vi prego di fare due cose. la prima \u00e8 di ripensarci, se riuscite a passare sopra a tutto anche se non \u00e8 mai facile, ma lo sapete che &#8220;chi fa, sbaglia&#8221; &#8211; e la seconda \u00e8 non prendere questa mia &#8220;critica&#8221; come una lamentela, vuol solo essere uno sprone a continuare sempre meglio) e ancor meno ai volontari (avercene!). E&#8217; solo la cronaca di quello che non ha funzionato, in una via che dovrebbe essere del centro e invece si \u00e8 ritrovata &#8220;in periferia&#8221;.<\/p>\n\n\n\n<p>Detto questo, <a href=\"https:\/\/www.facebook.com\/piazza.affari\/?__cft__[0]=AZU8v-nax3qPM9eVu-Edj1ETx1_4RewazS8omB2cEXBdb_SePTBJzMxFbc5EALxl1NipInh7eTxXQ3p4daKhwFCLbCXBj3bAQCi0lF8_HEjZD9KJJGLwjrBPGXD4Zrwx83aOeGvOHU3VsBT2HPsNTvWC&amp;__tn__=kK-R\">Piazza Affari Outlet<\/a> ha partecipato volentieri e parteciperebbe ancora molto molto volentieri. <\/p>\n","protected":false},"excerpt":{"rendered":"<p>Lettera aperta al Movimento Turismo del Vino Lombardia riguardo dell&#8217;evento 50 Sfumature di Pinot Noir IIa Edizione Spoiler: meravigliosa manifestazione, migliorabile in alcuni punti dell&#8217;organizzazione. La manifestazione \u00e8 stata fantastica, mi si riempie il cuore quando vedo Voghera cos\u00ec viva. Gente di Voghera, dei paesi vicini, ma anche proveniente da lontano; bar e attivit\u00e0 che [&hellip;]<\/p>\n","protected":false},"author":1,"featured_media":0,"comment_status":"open","ping_status":"open","sticky":false,"template":"","format":"standard","meta":{"_uag_custom_page_level_css":"","footnotes":""},"categories":[3],"tags":[],"class_list":["post-3105","post","type-post","status-publish","format-standard","hentry","category-altro"],"uagb_featured_image_src":{"full":false,"thumbnail":false,"medium":false,"medium_large":false,"large":false,"1536x1536":false,"2048x2048":false,"post-thumbnail":false,"post-image":false,"post-image-cover":false,"tptn_thumbnail":false},"uagb_author_info":{"display_name":"Fabio","author_link":"https:\/\/www.fabiotordi.it\/blog\/?author=1"},"uagb_comment_info":0,"uagb_excerpt":"Lettera aperta al Movimento Turismo del Vino Lombardia riguardo dell&#8217;evento 50 Sfumature di Pinot Noir IIa Edizione Spoiler: meravigliosa manifestazione, migliorabile in alcuni punti dell&#8217;organizzazione. La manifestazione \u00e8 stata fantastica, mi si riempie il cuore quando vedo Voghera cos\u00ec viva. Gente di Voghera, dei paesi vicini, ma anche proveniente da lontano; bar e attivit\u00e0 che&hellip;","_links":{"self":[{"href":"https:\/\/www.fabiotordi.it\/blog\/index.php?rest_route=\/wp\/v2\/posts\/3105","targetHints":{"allow":["GET"]}}],"collection":[{"href":"https:\/\/www.fabiotordi.it\/blog\/index.php?rest_route=\/wp\/v2\/posts"}],"about":[{"href":"https:\/\/www.fabiotordi.it\/blog\/index.php?rest_route=\/wp\/v2\/types\/post"}],"author":[{"embeddable":true,"href":"https:\/\/www.fabiotordi.it\/blog\/index.php?rest_route=\/wp\/v2\/users\/1"}],"replies":[{"embeddable":true,"href":"https:\/\/www.fabiotordi.it\/blog\/index.php?rest_route=%2Fwp%2Fv2%2Fcomments&post=3105"}],"version-history":[{"count":0,"href":"https:\/\/www.fabiotordi.it\/blog\/index.php?rest_route=\/wp\/v2\/posts\/3105\/revisions"}],"wp:attachment":[{"href":"https:\/\/www.fabiotordi.it\/blog\/index.php?rest_route=%2Fwp%2Fv2%2Fmedia&parent=3105"}],"wp:term":[{"taxonomy":"category","embeddable":true,"href":"https:\/\/www.fabiotordi.it\/blog\/index.php?rest_route=%2Fwp%2Fv2%2Fcategories&post=3105"},{"taxonomy":"post_tag","embeddable":true,"href":"https:\/\/www.fabiotordi.it\/blog\/index.php?rest_route=%2Fwp%2Fv2%2Ftags&post=3105"}],"curies":[{"name":"wp","href":"https:\/\/api.w.org\/{rel}","templated":true}]}}