{"id":3145,"date":"2022-03-21T18:51:03","date_gmt":"2022-03-21T17:51:03","guid":{"rendered":"http:\/\/www.fabiotordi.it\/blog\/?p=3145"},"modified":"2022-03-21T18:51:05","modified_gmt":"2022-03-21T17:51:05","slug":"come-parlare-ai-tuoi-bambini","status":"publish","type":"post","link":"https:\/\/www.fabiotordi.it\/blog\/?p=3145","title":{"rendered":"Come parlare ai tuoi bambini&#8230;"},"content":{"rendered":"\n<p>&#8230;e smettere di urlare<\/p>\n\n\n\n<figure class=\"wp-block-image size-large\"><img loading=\"lazy\" decoding=\"async\" width=\"767\" height=\"1024\" src=\"http:\/\/www.fabiotordi.it\/blog\/wp-content\/uploads\/2022\/03\/273941070_10226664326414812_6391433572666813795_n-767x1024.jpg\" alt=\"\" class=\"wp-image-3146\" srcset=\"https:\/\/www.fabiotordi.it\/blog\/wp-content\/uploads\/2022\/03\/273941070_10226664326414812_6391433572666813795_n-767x1024.jpg 767w, https:\/\/www.fabiotordi.it\/blog\/wp-content\/uploads\/2022\/03\/273941070_10226664326414812_6391433572666813795_n-225x300.jpg 225w, https:\/\/www.fabiotordi.it\/blog\/wp-content\/uploads\/2022\/03\/273941070_10226664326414812_6391433572666813795_n-768x1025.jpg 768w, https:\/\/www.fabiotordi.it\/blog\/wp-content\/uploads\/2022\/03\/273941070_10226664326414812_6391433572666813795_n-900x1201.jpg 900w, https:\/\/www.fabiotordi.it\/blog\/wp-content\/uploads\/2022\/03\/273941070_10226664326414812_6391433572666813795_n.jpg 1023w\" sizes=\"auto, (max-width: 767px) 100vw, 767px\" \/><\/figure>\n\n\n\n<p>Ho letto questo libro.<\/p>\n\n\n\n<p><strong>Interessante<\/strong>. Ovviamente dalla teoria alla pratica c&#8217;\u00e8 una <strong>bella differenza<\/strong>, soprattutto perch\u00e9 l&#8217;autrice \u00e8 molto brava a evidenziare molte fattispecie di problemi nel modo di gestire i bambini, ma spesso si &#8220;<strong>dimentica<\/strong>&#8221; di dare una<strong> soluzione concreta<\/strong>.<\/p>\n\n\n\n<p>Mi spiego meglio, dice in sostanza: &#8220;<strong>urlare non serve a niente<\/strong>, anzi \u00e8 controproducente perch\u00e9 ti fa perdere le staffe, e quindi ragionare male, non bisogna perdere la calma&#8221;. Va bene, <strong>e quindi?<\/strong> E poi? In ogni caso dovr\u00f2 rileggermelo nei prossimi anni, per ora Leo \u00e8 <strong>ancora piccolo<\/strong>, le indicazioni sono difficilmente applicabili a lui.\u00a0 <\/p>\n","protected":false},"excerpt":{"rendered":"<p>&#8230;e smettere di urlare Ho letto questo libro. Interessante. Ovviamente dalla teoria alla pratica c&#8217;\u00e8 una bella differenza, soprattutto perch\u00e9 l&#8217;autrice \u00e8 molto brava a evidenziare molte fattispecie di problemi nel modo di gestire i bambini, ma spesso si &#8220;dimentica&#8221; di dare una soluzione concreta. Mi spiego meglio, dice in sostanza: &#8220;urlare non serve a [&hellip;]<\/p>\n","protected":false},"author":1,"featured_media":0,"comment_status":"open","ping_status":"open","sticky":false,"template":"","format":"standard","meta":{"_uag_custom_page_level_css":"","footnotes":""},"categories":[3],"tags":[],"class_list":["post-3145","post","type-post","status-publish","format-standard","hentry","category-altro"],"uagb_featured_image_src":{"full":false,"thumbnail":false,"medium":false,"medium_large":false,"large":false,"1536x1536":false,"2048x2048":false,"post-thumbnail":false,"post-image":false,"post-image-cover":false,"tptn_thumbnail":false},"uagb_author_info":{"display_name":"Fabio","author_link":"https:\/\/www.fabiotordi.it\/blog\/?author=1"},"uagb_comment_info":0,"uagb_excerpt":"&#8230;e smettere di urlare Ho letto questo libro. Interessante. Ovviamente dalla teoria alla pratica c&#8217;\u00e8 una bella differenza, soprattutto perch\u00e9 l&#8217;autrice \u00e8 molto brava a evidenziare molte fattispecie di problemi nel modo di gestire i bambini, ma spesso si &#8220;dimentica&#8221; di dare una soluzione concreta. Mi spiego meglio, dice in sostanza: &#8220;urlare non serve a&hellip;","_links":{"self":[{"href":"https:\/\/www.fabiotordi.it\/blog\/index.php?rest_route=\/wp\/v2\/posts\/3145","targetHints":{"allow":["GET"]}}],"collection":[{"href":"https:\/\/www.fabiotordi.it\/blog\/index.php?rest_route=\/wp\/v2\/posts"}],"about":[{"href":"https:\/\/www.fabiotordi.it\/blog\/index.php?rest_route=\/wp\/v2\/types\/post"}],"author":[{"embeddable":true,"href":"https:\/\/www.fabiotordi.it\/blog\/index.php?rest_route=\/wp\/v2\/users\/1"}],"replies":[{"embeddable":true,"href":"https:\/\/www.fabiotordi.it\/blog\/index.php?rest_route=%2Fwp%2Fv2%2Fcomments&post=3145"}],"version-history":[{"count":0,"href":"https:\/\/www.fabiotordi.it\/blog\/index.php?rest_route=\/wp\/v2\/posts\/3145\/revisions"}],"wp:attachment":[{"href":"https:\/\/www.fabiotordi.it\/blog\/index.php?rest_route=%2Fwp%2Fv2%2Fmedia&parent=3145"}],"wp:term":[{"taxonomy":"category","embeddable":true,"href":"https:\/\/www.fabiotordi.it\/blog\/index.php?rest_route=%2Fwp%2Fv2%2Fcategories&post=3145"},{"taxonomy":"post_tag","embeddable":true,"href":"https:\/\/www.fabiotordi.it\/blog\/index.php?rest_route=%2Fwp%2Fv2%2Ftags&post=3145"}],"curies":[{"name":"wp","href":"https:\/\/api.w.org\/{rel}","templated":true}]}}