{"id":3153,"date":"2022-03-30T11:26:56","date_gmt":"2022-03-30T10:26:56","guid":{"rendered":"http:\/\/www.fabiotordi.it\/blog\/?p=3153"},"modified":"2022-03-30T11:26:57","modified_gmt":"2022-03-30T10:26:57","slug":"e-sempre-piu-dura","status":"publish","type":"post","link":"https:\/\/www.fabiotordi.it\/blog\/?p=3153","title":{"rendered":"E&#8217; sempre pi\u00f9 dura"},"content":{"rendered":"\n<p>E&#8217; sempre pi\u00f9 <strong>dura<\/strong>. E&#8217; sempre pi\u00f9 <strong>dura <\/strong>essere cittadini del mondo, sempre pi\u00f9 <strong>dura <\/strong>essere europei, nel senso geografico del termine, con una guerra alle porte e una crisi economica che sta per esplodere. Sempre pi\u00f9 <strong>dura <\/strong>essere italiani: l&#8217;importante \u00e8 la salute, non \u00e8 un banale modo di dire, non abbiamo conflitti e tragedie che finora vediamo solo al telegiornale, ma anche il morale influisce. E&#8217; sempre pi\u00f9 <strong>dura <\/strong>avere una partita IVA, con l&#8217;incertezza del futuro, le spese che aumentano ogni mese e forse ogni settimana. E&#8217; sempre pi\u00f9 <strong>dura <\/strong>avere un negozio, con la concorrenza prima dei centri commerciali (c&#8217;\u00e8 tutto, \u00e8 comodo, c&#8217;\u00e8 parcheggio, \u00e8 aperto tutto il giorno) e poi delle vendite online (c&#8217;\u00e8 ancor pi\u00f9 di tutto, magari risparmio e me lo consegnano a casa, aperto h24), per poi sentirsi quasi denigrare (siete cari, siete chiusi, non avete tutto), ma poi rimpianti (oddio, arrivano ospiti e non ho neanche una bottiglia di vino, peccato che quella bottega -dove non ho mai messo piede- adesso abbia chiuso per sempre). E&#8217; sempre pi\u00f9 <strong>dura<\/strong>, in alcuni settori un po&#8217; di pi\u00f9, in altri un po&#8217; di meno. Sempre pi\u00f9 <strong>dura <\/strong>in montagna, dove le distanze sono tante e la gente poca. <\/p>\n","protected":false},"excerpt":{"rendered":"<p>E&#8217; sempre pi\u00f9 dura. E&#8217; sempre pi\u00f9 dura essere cittadini del mondo, sempre pi\u00f9 dura essere europei, nel senso geografico del termine, con una guerra alle porte e una crisi economica che sta per esplodere. Sempre pi\u00f9 dura essere italiani: l&#8217;importante \u00e8 la salute, non \u00e8 un banale modo di dire, non abbiamo conflitti e [&hellip;]<\/p>\n","protected":false},"author":1,"featured_media":0,"comment_status":"open","ping_status":"open","sticky":false,"template":"","format":"standard","meta":{"_uag_custom_page_level_css":"","footnotes":""},"categories":[3],"tags":[],"class_list":["post-3153","post","type-post","status-publish","format-standard","hentry","category-altro"],"uagb_featured_image_src":{"full":false,"thumbnail":false,"medium":false,"medium_large":false,"large":false,"1536x1536":false,"2048x2048":false,"post-thumbnail":false,"post-image":false,"post-image-cover":false,"tptn_thumbnail":false},"uagb_author_info":{"display_name":"Fabio","author_link":"https:\/\/www.fabiotordi.it\/blog\/?author=1"},"uagb_comment_info":0,"uagb_excerpt":"E&#8217; sempre pi\u00f9 dura. E&#8217; sempre pi\u00f9 dura essere cittadini del mondo, sempre pi\u00f9 dura essere europei, nel senso geografico del termine, con una guerra alle porte e una crisi economica che sta per esplodere. Sempre pi\u00f9 dura essere italiani: l&#8217;importante \u00e8 la salute, non \u00e8 un banale modo di dire, non abbiamo conflitti e&hellip;","_links":{"self":[{"href":"https:\/\/www.fabiotordi.it\/blog\/index.php?rest_route=\/wp\/v2\/posts\/3153","targetHints":{"allow":["GET"]}}],"collection":[{"href":"https:\/\/www.fabiotordi.it\/blog\/index.php?rest_route=\/wp\/v2\/posts"}],"about":[{"href":"https:\/\/www.fabiotordi.it\/blog\/index.php?rest_route=\/wp\/v2\/types\/post"}],"author":[{"embeddable":true,"href":"https:\/\/www.fabiotordi.it\/blog\/index.php?rest_route=\/wp\/v2\/users\/1"}],"replies":[{"embeddable":true,"href":"https:\/\/www.fabiotordi.it\/blog\/index.php?rest_route=%2Fwp%2Fv2%2Fcomments&post=3153"}],"version-history":[{"count":0,"href":"https:\/\/www.fabiotordi.it\/blog\/index.php?rest_route=\/wp\/v2\/posts\/3153\/revisions"}],"wp:attachment":[{"href":"https:\/\/www.fabiotordi.it\/blog\/index.php?rest_route=%2Fwp%2Fv2%2Fmedia&parent=3153"}],"wp:term":[{"taxonomy":"category","embeddable":true,"href":"https:\/\/www.fabiotordi.it\/blog\/index.php?rest_route=%2Fwp%2Fv2%2Fcategories&post=3153"},{"taxonomy":"post_tag","embeddable":true,"href":"https:\/\/www.fabiotordi.it\/blog\/index.php?rest_route=%2Fwp%2Fv2%2Ftags&post=3153"}],"curies":[{"name":"wp","href":"https:\/\/api.w.org\/{rel}","templated":true}]}}