{"id":3242,"date":"2023-01-31T11:00:07","date_gmt":"2023-01-31T10:00:07","guid":{"rendered":"http:\/\/www.fabiotordi.it\/blog\/?p=3242"},"modified":"2023-01-31T11:00:08","modified_gmt":"2023-01-31T10:00:08","slug":"brallo-brillo","status":"publish","type":"post","link":"https:\/\/www.fabiotordi.it\/blog\/?p=3242","title":{"rendered":"Brallo Brillo"},"content":{"rendered":"\n<p>Ho letto questo libro, &#8220;<strong>Brallo brillo<\/strong>&#8220;, di <strong>Alba Tagliani<\/strong>.<\/p>\n\n\n\n<p>Un libro che quest&#8217;estate \u00e8 stato discusso al Passo del Brallo e dintorni: elogiato e criticato.<\/p>\n\n\n\n<figure class=\"wp-block-image size-large\"><img loading=\"lazy\" decoding=\"async\" width=\"1024\" height=\"1024\" src=\"http:\/\/www.fabiotordi.it\/blog\/wp-content\/uploads\/2023\/01\/307315962_10227820886208084_2279928175477240450_n-1024x1024.jpg\" alt=\"\" class=\"wp-image-3243\" srcset=\"https:\/\/www.fabiotordi.it\/blog\/wp-content\/uploads\/2023\/01\/307315962_10227820886208084_2279928175477240450_n-1024x1024.jpg 1024w, https:\/\/www.fabiotordi.it\/blog\/wp-content\/uploads\/2023\/01\/307315962_10227820886208084_2279928175477240450_n-300x300.jpg 300w, https:\/\/www.fabiotordi.it\/blog\/wp-content\/uploads\/2023\/01\/307315962_10227820886208084_2279928175477240450_n-150x150.jpg 150w, https:\/\/www.fabiotordi.it\/blog\/wp-content\/uploads\/2023\/01\/307315962_10227820886208084_2279928175477240450_n-768x768.jpg 768w, https:\/\/www.fabiotordi.it\/blog\/wp-content\/uploads\/2023\/01\/307315962_10227820886208084_2279928175477240450_n-1536x1536.jpg 1536w, https:\/\/www.fabiotordi.it\/blog\/wp-content\/uploads\/2023\/01\/307315962_10227820886208084_2279928175477240450_n-88x88.jpg 88w, https:\/\/www.fabiotordi.it\/blog\/wp-content\/uploads\/2023\/01\/307315962_10227820886208084_2279928175477240450_n-900x900.jpg 900w, https:\/\/www.fabiotordi.it\/blog\/wp-content\/uploads\/2023\/01\/307315962_10227820886208084_2279928175477240450_n-1280x1280.jpg 1280w, https:\/\/www.fabiotordi.it\/blog\/wp-content\/uploads\/2023\/01\/307315962_10227820886208084_2279928175477240450_n.jpg 2048w\" sizes=\"auto, (max-width: 1024px) 100vw, 1024px\" \/><\/figure>\n\n\n\n<p>Io non entro <strong>nel merito<\/strong>: <strong>non conosco<\/strong> la grande maggioranza delle persone citate e men che meno gli <strong>aneddoti <\/strong>raccontati, quindi mi sono ritrovato in <strong>un Brallo che non esiste pi\u00f9<\/strong>, fatto di persone modeste, ma concrete. Un Brallo ancora agli <strong>albori <\/strong>di quel successo turistico, imprenditoriale ed edilizio che poi ci fu, dove i giovani per trovare quel poco di divertimento dovevano <strong>spostarsi<\/strong>, dove si andava ancora quasi sempre <strong>a piedi<\/strong>, o tutt&#8217;al pi\u00f9 <strong>in bicicletta<\/strong>, si parlava in dialetto, ci si conosceva tutti (niente turisti o, come si soleva dire, &#8220;<strong>villeggianti<\/strong>&#8221; o ancora &#8220;<strong>forestieri<\/strong>&#8220;), si sognava un futuro migliore.<\/p>\n\n\n\n<p>Al di l\u00e0 di questo libretto, <strong>chiss\u00e0 com&#8217;\u00e8 stato <\/strong>vedere nascere, crescere Brallo: nuove strade, nuove case, nuove attivit\u00e0. Credo che su questo fronte il mio paese abbia avuto il culmine a cavallo<strong> tra gli anni &#8217;80 e gli anni &#8217;90<\/strong>: 5 alberghi con ristorante e bar, discoteca, sala giochi, cartoleria, elettrodomestici, lavanderia, 7 negozi di abbigliamento e 4 negozi di alimentari, meccanico (e pompe funebri), posta, farmacia, due banche.<\/p>\n\n\n\n<p>Ricordo che i miei compagni delle superiori, a Voghera, mi chiedevano a settembre dove fossi andato in vacanza. &#8220;<strong>Sono rimasto a Brallo<\/strong>&#8220;. &#8220;Ah, mi dispiace&#8221;. &#8220;A me no, tu hai fatto due settimane di divertimento al mare, io ho fatto due mesi!!&#8221;.<\/p>\n\n\n\n<p>Poi un po&#8217; di declino, ma sono sicuro che c&#8217;\u00e8 stata <strong>un&#8217;inversione di rotta<\/strong> negli ultimi anni e i nostri posti sono sempre pi\u00f9 apprezzati, basta un po&#8217; di buona volont\u00e0 e a Brallo di pu\u00f2 stare bene. Sono nate <strong>nuove attivit\u00e0<\/strong>, altre si sono modernizzate, tanta gente ha scoperti i nostri paesi e qualcuno ci \u00e8 venuto o tornato <strong>a vivere<\/strong>. Vedo tanti progetti e tanta voglia di fare.<\/p>\n\n\n\n<p>Lo spero, mi piacerebbe lasciare a <strong>Leo <\/strong>un Brallo bello come ho vissuto io. <\/p>\n","protected":false},"excerpt":{"rendered":"<p>Ho letto questo libro, &#8220;Brallo brillo&#8220;, di Alba Tagliani. Un libro che quest&#8217;estate \u00e8 stato discusso al Passo del Brallo e dintorni: elogiato e criticato. Io non entro nel merito: non conosco la grande maggioranza delle persone citate e men che meno gli aneddoti raccontati, quindi mi sono ritrovato in un Brallo che non esiste [&hellip;]<\/p>\n","protected":false},"author":1,"featured_media":0,"comment_status":"open","ping_status":"open","sticky":false,"template":"","format":"standard","meta":{"_uag_custom_page_level_css":"","footnotes":""},"categories":[3],"tags":[],"class_list":["post-3242","post","type-post","status-publish","format-standard","hentry","category-altro"],"uagb_featured_image_src":{"full":false,"thumbnail":false,"medium":false,"medium_large":false,"large":false,"1536x1536":false,"2048x2048":false,"post-thumbnail":false,"post-image":false,"post-image-cover":false,"tptn_thumbnail":false},"uagb_author_info":{"display_name":"Fabio","author_link":"https:\/\/www.fabiotordi.it\/blog\/?author=1"},"uagb_comment_info":0,"uagb_excerpt":"Ho letto questo libro, &#8220;Brallo brillo&#8220;, di Alba Tagliani. Un libro che quest&#8217;estate \u00e8 stato discusso al Passo del Brallo e dintorni: elogiato e criticato. Io non entro nel merito: non conosco la grande maggioranza delle persone citate e men che meno gli aneddoti raccontati, quindi mi sono ritrovato in un Brallo che non esiste&hellip;","_links":{"self":[{"href":"https:\/\/www.fabiotordi.it\/blog\/index.php?rest_route=\/wp\/v2\/posts\/3242","targetHints":{"allow":["GET"]}}],"collection":[{"href":"https:\/\/www.fabiotordi.it\/blog\/index.php?rest_route=\/wp\/v2\/posts"}],"about":[{"href":"https:\/\/www.fabiotordi.it\/blog\/index.php?rest_route=\/wp\/v2\/types\/post"}],"author":[{"embeddable":true,"href":"https:\/\/www.fabiotordi.it\/blog\/index.php?rest_route=\/wp\/v2\/users\/1"}],"replies":[{"embeddable":true,"href":"https:\/\/www.fabiotordi.it\/blog\/index.php?rest_route=%2Fwp%2Fv2%2Fcomments&post=3242"}],"version-history":[{"count":0,"href":"https:\/\/www.fabiotordi.it\/blog\/index.php?rest_route=\/wp\/v2\/posts\/3242\/revisions"}],"wp:attachment":[{"href":"https:\/\/www.fabiotordi.it\/blog\/index.php?rest_route=%2Fwp%2Fv2%2Fmedia&parent=3242"}],"wp:term":[{"taxonomy":"category","embeddable":true,"href":"https:\/\/www.fabiotordi.it\/blog\/index.php?rest_route=%2Fwp%2Fv2%2Fcategories&post=3242"},{"taxonomy":"post_tag","embeddable":true,"href":"https:\/\/www.fabiotordi.it\/blog\/index.php?rest_route=%2Fwp%2Fv2%2Ftags&post=3242"}],"curies":[{"name":"wp","href":"https:\/\/api.w.org\/{rel}","templated":true}]}}