{"id":3277,"date":"2023-02-19T10:25:20","date_gmt":"2023-02-19T09:25:20","guid":{"rendered":"http:\/\/www.fabiotordi.it\/blog\/?p=3277"},"modified":"2023-02-19T10:25:21","modified_gmt":"2023-02-19T09:25:21","slug":"recap-2022-chiuso-per","status":"publish","type":"post","link":"https:\/\/www.fabiotordi.it\/blog\/?p=3277","title":{"rendered":"Recap 2022. Chiuso per&#8230;"},"content":{"rendered":"\n<p>Quest&#8217;anno per <strong>4 volte<\/strong> ho scritto un cartello &#8220;<strong>Chiuso<\/strong>&#8221; sulla porta del mio negozio. <\/p>\n\n\n\n<p>La <strong>prima volta<\/strong> per la festa pi\u00f9 grande: il <strong>matrimonio <\/strong>con\u00a0<strong>Valentina<\/strong>. Come tradizione vuole, il &#8220;<strong>giorno pi\u00f9 bello<\/strong>&#8220;. L&#8217;abbiamo <strong>pensato <\/strong>nel 2019, l&#8217;abbiamo sempre <strong>rimandato<\/strong>, perch\u00e9 volevamo fare una <strong>supermegafesta<\/strong>, cos\u00ec come \u00e8 stata, con tanti <strong>amici<\/strong>. <strong>Non \u00e8 stata una passeggiata<\/strong>, siamo arrivati lunghi e tante cose che volevamo fare non le abbiamo fatte, ma va bene cos\u00ec: <strong>la perfezione \u00e8 noia<\/strong> e noi invece<strong> ci siamo divertiti da matti<\/strong>. Una festa stupenda che ha suggellato un amore stupendo.<\/p>\n\n\n\n<p>La <strong>seconda volta<\/strong> ho scritto il <strong>famoso <\/strong>(mio malgrado) &#8220;<strong>chiuso per paura<\/strong>&#8220;. E&#8217; stato un anno <strong>difficile<\/strong>, non lo nego. Anzi, lo <strong>rivendico<\/strong>, con forza, per quelli che &#8220;<strong>tanto a te va sempre tutto bene<\/strong>&#8220;, o per quelli che volevano o vogliono derubricare il tutto a una semplice <strong>ragazzata <\/strong>o addirittura a una <strong>litigata<\/strong>, quand&#8217;anche il dizionario insegna che per litigare <strong>bisogna essere in due<\/strong>, quando invece nel caso ci sia un accanimento in una sola direzione il termine corretto \u00e8 un altro. E&#8217; stato un anno e mezzo <strong>difficile<\/strong>, di tensioni, di paure. Fossi stato libero e da solo, sarebbe stata tutta un&#8217;altra storia, ma con una <strong>moglie <\/strong>e un <strong>figlio <\/strong>cambia tutto: la prima preoccupazione <strong>sono loro<\/strong> e, credetemi, l&#8217;angoscia era <strong>tangibile <\/strong>(nulla mi toglie dalla testa che il <strong>ricovero <\/strong>di Valentina, a pochi giorni dal matrimonio, sia dovuto anche a questa tensione per la situazione vissuta). Stare <strong>chiuso dentro<\/strong> al MIO negozio, telefonare a casa all&#8217;orario di chiusura per dire se tardavo qualche minuto, fare percorsi diversi ogni volta, sempre con in tasca lo <strong>spray antiaggressione<\/strong>, avere addirittura quasi in odio lo stare a Voghera (citt\u00e0 che mi ha adottato nel 1988). Tutto ci\u00f2 in Italia, nel 2022? E qualcuno che ancora dice &#8220;<strong>non \u00e8 successo niente<\/strong>&#8220;. Dopo un anno in cui ci tenevamo tutto dentro, quel cartello \u00e8 stato anche <strong>liberatorio <\/strong>e ha innescato una serie di dimostrazioni di <strong>solidariet\u00e0 <\/strong>e di amicizia che ci ha fatto sentire bene, ci ha fatto capire che il mondo n<strong>on \u00e8 tutto cattivo<\/strong>, che noi non eravamo <strong>paranoici <\/strong>e che tante persone ci vogliono bene. Speriamo che sia tutto alle spalle.<\/p>\n\n\n\n<p>La terza volta ho tenuto chiuso per lutto, quando ho perso <strong>mio fratello\u00a0Ivo<\/strong>. I <strong>nonni <\/strong>(io ne ho avuto uno solo) li vedi sempre come dei &#8220;vecchi&#8221; e sai che prima o poi potrebbero andarsene. I <strong>genitori <\/strong>vorresti che non se ne andassero mai, ma \u00e8 purtroppo ineluttabile. <strong>Un fratello<\/strong> \u00e8 diverso, non credi mai che possa succedere. <strong>Ho perso un altro punto fermo della mia vita<\/strong>, dopo mia madre, Daniele, mio padre. E&#8217; stato talmente improvviso che ancora <strong>fatico a rendermene conto<\/strong>.<\/p>\n\n\n\n<p>L&#8217;ultima volta ho chiuso per il <strong>battesimo <\/strong>di <strong>Nicolas<\/strong>. Una nuova vita, un messaggio di speranza, un bambino dagli occhi blu color del cielo, un bel messaggio di speranza per questo duemilaventitr\u00e8.<\/p>\n\n\n\n<figure class=\"wp-block-image size-large\"><img loading=\"lazy\" decoding=\"async\" width=\"768\" height=\"1024\" src=\"http:\/\/www.fabiotordi.it\/blog\/wp-content\/uploads\/2023\/02\/321562083_400291275612718_4987523087012001771_n-768x1024.jpg\" alt=\"\" class=\"wp-image-3278\" srcset=\"https:\/\/www.fabiotordi.it\/blog\/wp-content\/uploads\/2023\/02\/321562083_400291275612718_4987523087012001771_n-768x1024.jpg 768w, https:\/\/www.fabiotordi.it\/blog\/wp-content\/uploads\/2023\/02\/321562083_400291275612718_4987523087012001771_n-225x300.jpg 225w, https:\/\/www.fabiotordi.it\/blog\/wp-content\/uploads\/2023\/02\/321562083_400291275612718_4987523087012001771_n-1152x1536.jpg 1152w, https:\/\/www.fabiotordi.it\/blog\/wp-content\/uploads\/2023\/02\/321562083_400291275612718_4987523087012001771_n-900x1200.jpg 900w, https:\/\/www.fabiotordi.it\/blog\/wp-content\/uploads\/2023\/02\/321562083_400291275612718_4987523087012001771_n-1280x1707.jpg 1280w, https:\/\/www.fabiotordi.it\/blog\/wp-content\/uploads\/2023\/02\/321562083_400291275612718_4987523087012001771_n.jpg 1299w\" sizes=\"auto, (max-width: 768px) 100vw, 768px\" \/><\/figure>\n","protected":false},"excerpt":{"rendered":"<p>Quest&#8217;anno per 4 volte ho scritto un cartello &#8220;Chiuso&#8221; sulla porta del mio negozio. La prima volta per la festa pi\u00f9 grande: il matrimonio con\u00a0Valentina. Come tradizione vuole, il &#8220;giorno pi\u00f9 bello&#8220;. L&#8217;abbiamo pensato nel 2019, l&#8217;abbiamo sempre rimandato, perch\u00e9 volevamo fare una supermegafesta, cos\u00ec come \u00e8 stata, con tanti amici. Non \u00e8 stata una [&hellip;]<\/p>\n","protected":false},"author":1,"featured_media":0,"comment_status":"open","ping_status":"open","sticky":false,"template":"","format":"standard","meta":{"_uag_custom_page_level_css":"","footnotes":""},"categories":[3],"tags":[],"class_list":["post-3277","post","type-post","status-publish","format-standard","hentry","category-altro"],"uagb_featured_image_src":{"full":false,"thumbnail":false,"medium":false,"medium_large":false,"large":false,"1536x1536":false,"2048x2048":false,"post-thumbnail":false,"post-image":false,"post-image-cover":false,"tptn_thumbnail":false},"uagb_author_info":{"display_name":"Fabio","author_link":"https:\/\/www.fabiotordi.it\/blog\/?author=1"},"uagb_comment_info":0,"uagb_excerpt":"Quest&#8217;anno per 4 volte ho scritto un cartello &#8220;Chiuso&#8221; sulla porta del mio negozio. La prima volta per la festa pi\u00f9 grande: il matrimonio con\u00a0Valentina. Come tradizione vuole, il &#8220;giorno pi\u00f9 bello&#8220;. L&#8217;abbiamo pensato nel 2019, l&#8217;abbiamo sempre rimandato, perch\u00e9 volevamo fare una supermegafesta, cos\u00ec come \u00e8 stata, con tanti amici. Non \u00e8 stata una&hellip;","_links":{"self":[{"href":"https:\/\/www.fabiotordi.it\/blog\/index.php?rest_route=\/wp\/v2\/posts\/3277","targetHints":{"allow":["GET"]}}],"collection":[{"href":"https:\/\/www.fabiotordi.it\/blog\/index.php?rest_route=\/wp\/v2\/posts"}],"about":[{"href":"https:\/\/www.fabiotordi.it\/blog\/index.php?rest_route=\/wp\/v2\/types\/post"}],"author":[{"embeddable":true,"href":"https:\/\/www.fabiotordi.it\/blog\/index.php?rest_route=\/wp\/v2\/users\/1"}],"replies":[{"embeddable":true,"href":"https:\/\/www.fabiotordi.it\/blog\/index.php?rest_route=%2Fwp%2Fv2%2Fcomments&post=3277"}],"version-history":[{"count":0,"href":"https:\/\/www.fabiotordi.it\/blog\/index.php?rest_route=\/wp\/v2\/posts\/3277\/revisions"}],"wp:attachment":[{"href":"https:\/\/www.fabiotordi.it\/blog\/index.php?rest_route=%2Fwp%2Fv2%2Fmedia&parent=3277"}],"wp:term":[{"taxonomy":"category","embeddable":true,"href":"https:\/\/www.fabiotordi.it\/blog\/index.php?rest_route=%2Fwp%2Fv2%2Fcategories&post=3277"},{"taxonomy":"post_tag","embeddable":true,"href":"https:\/\/www.fabiotordi.it\/blog\/index.php?rest_route=%2Fwp%2Fv2%2Ftags&post=3277"}],"curies":[{"name":"wp","href":"https:\/\/api.w.org\/{rel}","templated":true}]}}