{"id":3335,"date":"2023-07-27T08:00:00","date_gmt":"2023-07-27T07:00:00","guid":{"rendered":"https:\/\/www.fabiotordi.it\/blog\/?p=3335"},"modified":"2023-07-24T09:07:53","modified_gmt":"2023-07-24T08:07:53","slug":"larmonia-delle-imperfezioni","status":"publish","type":"post","link":"https:\/\/www.fabiotordi.it\/blog\/?p=3335","title":{"rendered":"L&#8217;armonia delle imperfezioni"},"content":{"rendered":"\n<p>Ho letto questo libro, &#8220;<strong>L&#8217;armonia delle imperfezioni<\/strong>&#8221; di G<strong>iorgio Rebolini<\/strong>, che poi \u00e8 mio cugino (il &#8220;primo&#8221;, mentre io sono l&#8221;ultimo&#8221;)<\/p>\n\n\n\n<p>\u00c8 il suo libro d&#8217;esordio e, onestamente, <strong>si vede<\/strong>. Sono due racconti: la storia c&#8217;\u00e8, la trama a volte \u00e8 fin troppo densa, probabilmente sarebbe dovuta essere sviluppata maggiormente. Alcune parti <strong>lente<\/strong> e altre con dei salti temporali <strong>grandissimi<\/strong>. Insomma: <strong>perfezionabile<\/strong>.<\/p>\n\n\n\n<p>Per\u00f2 onore al merito: per essere un medico <strong>scrive fin troppo bene<\/strong>. A parte la battuta, Giorgio ha scritto altri racconti che ho letto ed erano, sempre a mio modesto e insignificante parere, <strong>migliori<\/strong>.<\/p>\n\n\n\n<figure class=\"wp-block-image size-large\"><a href=\"https:\/\/www.fabiotordi.it\/blog\/wp-content\/uploads\/2023\/07\/337887770_6160406184025548_4522420116617035379_n.jpg\"><img loading=\"lazy\" decoding=\"async\" width=\"1024\" height=\"1024\" src=\"https:\/\/www.fabiotordi.it\/blog\/wp-content\/uploads\/2023\/07\/337887770_6160406184025548_4522420116617035379_n-1024x1024.jpg\" alt=\"\" class=\"wp-image-3336\" srcset=\"https:\/\/www.fabiotordi.it\/blog\/wp-content\/uploads\/2023\/07\/337887770_6160406184025548_4522420116617035379_n-1024x1024.jpg 1024w, https:\/\/www.fabiotordi.it\/blog\/wp-content\/uploads\/2023\/07\/337887770_6160406184025548_4522420116617035379_n-300x300.jpg 300w, https:\/\/www.fabiotordi.it\/blog\/wp-content\/uploads\/2023\/07\/337887770_6160406184025548_4522420116617035379_n-150x150.jpg 150w, https:\/\/www.fabiotordi.it\/blog\/wp-content\/uploads\/2023\/07\/337887770_6160406184025548_4522420116617035379_n-768x768.jpg 768w, https:\/\/www.fabiotordi.it\/blog\/wp-content\/uploads\/2023\/07\/337887770_6160406184025548_4522420116617035379_n-88x88.jpg 88w, https:\/\/www.fabiotordi.it\/blog\/wp-content\/uploads\/2023\/07\/337887770_6160406184025548_4522420116617035379_n-900x900.jpg 900w, https:\/\/www.fabiotordi.it\/blog\/wp-content\/uploads\/2023\/07\/337887770_6160406184025548_4522420116617035379_n-1280x1280.jpg 1280w, https:\/\/www.fabiotordi.it\/blog\/wp-content\/uploads\/2023\/07\/337887770_6160406184025548_4522420116617035379_n.jpg 1440w\" sizes=\"auto, (max-width: 1024px) 100vw, 1024px\" \/><\/a><\/figure>\n","protected":false},"excerpt":{"rendered":"<p>Ho letto questo libro, &#8220;L&#8217;armonia delle imperfezioni&#8221; di Giorgio Rebolini, che poi \u00e8 mio cugino (il &#8220;primo&#8221;, mentre io sono l&#8221;ultimo&#8221;) \u00c8 il suo libro d&#8217;esordio e, onestamente, si vede. Sono due racconti: la storia c&#8217;\u00e8, la trama a volte \u00e8 fin troppo densa, probabilmente sarebbe dovuta essere sviluppata maggiormente. Alcune parti lente e altre [&hellip;]<\/p>\n","protected":false},"author":1,"featured_media":0,"comment_status":"open","ping_status":"open","sticky":false,"template":"","format":"standard","meta":{"_uag_custom_page_level_css":"","footnotes":""},"categories":[3],"tags":[],"class_list":["post-3335","post","type-post","status-publish","format-standard","hentry","category-altro"],"uagb_featured_image_src":{"full":false,"thumbnail":false,"medium":false,"medium_large":false,"large":false,"1536x1536":false,"2048x2048":false,"post-thumbnail":false,"post-image":false,"post-image-cover":false,"tptn_thumbnail":false},"uagb_author_info":{"display_name":"Fabio","author_link":"https:\/\/www.fabiotordi.it\/blog\/?author=1"},"uagb_comment_info":0,"uagb_excerpt":"Ho letto questo libro, &#8220;L&#8217;armonia delle imperfezioni&#8221; di Giorgio Rebolini, che poi \u00e8 mio cugino (il &#8220;primo&#8221;, mentre io sono l&#8221;ultimo&#8221;) \u00c8 il suo libro d&#8217;esordio e, onestamente, si vede. Sono due racconti: la storia c&#8217;\u00e8, la trama a volte \u00e8 fin troppo densa, probabilmente sarebbe dovuta essere sviluppata maggiormente. Alcune parti lente e altre&hellip;","_links":{"self":[{"href":"https:\/\/www.fabiotordi.it\/blog\/index.php?rest_route=\/wp\/v2\/posts\/3335","targetHints":{"allow":["GET"]}}],"collection":[{"href":"https:\/\/www.fabiotordi.it\/blog\/index.php?rest_route=\/wp\/v2\/posts"}],"about":[{"href":"https:\/\/www.fabiotordi.it\/blog\/index.php?rest_route=\/wp\/v2\/types\/post"}],"author":[{"embeddable":true,"href":"https:\/\/www.fabiotordi.it\/blog\/index.php?rest_route=\/wp\/v2\/users\/1"}],"replies":[{"embeddable":true,"href":"https:\/\/www.fabiotordi.it\/blog\/index.php?rest_route=%2Fwp%2Fv2%2Fcomments&post=3335"}],"version-history":[{"count":0,"href":"https:\/\/www.fabiotordi.it\/blog\/index.php?rest_route=\/wp\/v2\/posts\/3335\/revisions"}],"wp:attachment":[{"href":"https:\/\/www.fabiotordi.it\/blog\/index.php?rest_route=%2Fwp%2Fv2%2Fmedia&parent=3335"}],"wp:term":[{"taxonomy":"category","embeddable":true,"href":"https:\/\/www.fabiotordi.it\/blog\/index.php?rest_route=%2Fwp%2Fv2%2Fcategories&post=3335"},{"taxonomy":"post_tag","embeddable":true,"href":"https:\/\/www.fabiotordi.it\/blog\/index.php?rest_route=%2Fwp%2Fv2%2Ftags&post=3335"}],"curies":[{"name":"wp","href":"https:\/\/api.w.org\/{rel}","templated":true}]}}