{"id":3348,"date":"2023-07-31T08:32:00","date_gmt":"2023-07-31T07:32:00","guid":{"rendered":"https:\/\/www.fabiotordi.it\/blog\/?p=3348"},"modified":"2023-07-24T14:34:16","modified_gmt":"2023-07-24T13:34:16","slug":"il-giallo-della-valigia-di-piazzale-lodi","status":"publish","type":"post","link":"https:\/\/www.fabiotordi.it\/blog\/?p=3348","title":{"rendered":"Il giallo della valigia di Piazzale Lodi"},"content":{"rendered":"\n<p>Ho letto questo libro di <strong>Alessandro Reali<\/strong>: &#8220;Il giallo della valigia di piazzale Lodi&#8221;<\/p>\n\n\n\n<p>Siamo nel <strong>1965<\/strong>. Il commissario <strong>Caronte<\/strong> indaga sulla scomparsa di una ragazza.<\/p>\n\n\n\n<figure class=\"wp-block-image size-large\"><a href=\"https:\/\/www.fabiotordi.it\/blog\/wp-content\/uploads\/2023\/07\/336663924_1150983069628665_6730175091426525518_n.jpg\"><img loading=\"lazy\" decoding=\"async\" width=\"1024\" height=\"1024\" src=\"https:\/\/www.fabiotordi.it\/blog\/wp-content\/uploads\/2023\/07\/336663924_1150983069628665_6730175091426525518_n-1024x1024.jpg\" alt=\"\" class=\"wp-image-3349\" srcset=\"https:\/\/www.fabiotordi.it\/blog\/wp-content\/uploads\/2023\/07\/336663924_1150983069628665_6730175091426525518_n-1024x1024.jpg 1024w, https:\/\/www.fabiotordi.it\/blog\/wp-content\/uploads\/2023\/07\/336663924_1150983069628665_6730175091426525518_n-300x300.jpg 300w, https:\/\/www.fabiotordi.it\/blog\/wp-content\/uploads\/2023\/07\/336663924_1150983069628665_6730175091426525518_n-150x150.jpg 150w, https:\/\/www.fabiotordi.it\/blog\/wp-content\/uploads\/2023\/07\/336663924_1150983069628665_6730175091426525518_n-768x768.jpg 768w, https:\/\/www.fabiotordi.it\/blog\/wp-content\/uploads\/2023\/07\/336663924_1150983069628665_6730175091426525518_n-88x88.jpg 88w, https:\/\/www.fabiotordi.it\/blog\/wp-content\/uploads\/2023\/07\/336663924_1150983069628665_6730175091426525518_n-900x900.jpg 900w, https:\/\/www.fabiotordi.it\/blog\/wp-content\/uploads\/2023\/07\/336663924_1150983069628665_6730175091426525518_n-1280x1280.jpg 1280w, https:\/\/www.fabiotordi.it\/blog\/wp-content\/uploads\/2023\/07\/336663924_1150983069628665_6730175091426525518_n.jpg 1440w\" sizes=\"auto, (max-width: 1024px) 100vw, 1024px\" \/><\/a><\/figure>\n\n\n\n<p><strong>Cosa mi \u00e8 piaciuto<\/strong>: la storia regge abbastanza bene ed \u00e8 ambientata in una citt\u00e0 che mi piace in un periodo storico di <strong>grande<\/strong> <strong>fermento<\/strong>. Reali dipinge alcuni scorci di una Milano che <strong>ormai non c&#8217;\u00e8 pi\u00f9<\/strong>. Una Milano pi\u00f9 vera, pi\u00f9 <strong>milanese<\/strong> (tante frasi in dialetto meneghino messe in bocca ai personaggi), che si gira pi\u00f9 <strong>facilmente<\/strong> cos\u00ec come facilmente si raggiunge la periferia e la campagna. Dove al bar <strong>ci si conosce tutti<\/strong>, dove ci sono ancora le <strong>latterie<\/strong> e i negozi di merce usata.<\/p>\n\n\n\n<p><strong>Cosa non mi \u00e8 piaciuto<\/strong>: in alcuni punti, proprio verso il finale, un&#8217;accelerazione improvvisa nel racconto. Un po&#8217; spiazzante, avrei preferito qualche pagina in pi\u00f9 di svolgimento della storia.<\/p>\n\n\n\n<p>Nota: perch\u00e9 anche la donna del commissario, pur nell&#8217;intimit\u00e0 di una cena <em>t\u00eate-\u00e0-t\u00eate<\/em>, lo chiama <strong>Caronte<\/strong> e <strong>mai per nome<\/strong>? (Un po&#8217; come il tenente Colombo, di cui nessuno conosce il nome di battesimo)<\/p>\n","protected":false},"excerpt":{"rendered":"<p>Ho letto questo libro di Alessandro Reali: &#8220;Il giallo della valigia di piazzale Lodi&#8221; Siamo nel 1965. Il commissario Caronte indaga sulla scomparsa di una ragazza. Cosa mi \u00e8 piaciuto: la storia regge abbastanza bene ed \u00e8 ambientata in una citt\u00e0 che mi piace in un periodo storico di grande fermento. Reali dipinge alcuni scorci [&hellip;]<\/p>\n","protected":false},"author":1,"featured_media":0,"comment_status":"open","ping_status":"open","sticky":false,"template":"","format":"standard","meta":{"_uag_custom_page_level_css":"","footnotes":""},"categories":[3],"tags":[],"class_list":["post-3348","post","type-post","status-publish","format-standard","hentry","category-altro"],"uagb_featured_image_src":{"full":false,"thumbnail":false,"medium":false,"medium_large":false,"large":false,"1536x1536":false,"2048x2048":false,"post-thumbnail":false,"post-image":false,"post-image-cover":false,"tptn_thumbnail":false},"uagb_author_info":{"display_name":"Fabio","author_link":"https:\/\/www.fabiotordi.it\/blog\/?author=1"},"uagb_comment_info":0,"uagb_excerpt":"Ho letto questo libro di Alessandro Reali: &#8220;Il giallo della valigia di piazzale Lodi&#8221; Siamo nel 1965. Il commissario Caronte indaga sulla scomparsa di una ragazza. Cosa mi \u00e8 piaciuto: la storia regge abbastanza bene ed \u00e8 ambientata in una citt\u00e0 che mi piace in un periodo storico di grande fermento. Reali dipinge alcuni scorci&hellip;","_links":{"self":[{"href":"https:\/\/www.fabiotordi.it\/blog\/index.php?rest_route=\/wp\/v2\/posts\/3348","targetHints":{"allow":["GET"]}}],"collection":[{"href":"https:\/\/www.fabiotordi.it\/blog\/index.php?rest_route=\/wp\/v2\/posts"}],"about":[{"href":"https:\/\/www.fabiotordi.it\/blog\/index.php?rest_route=\/wp\/v2\/types\/post"}],"author":[{"embeddable":true,"href":"https:\/\/www.fabiotordi.it\/blog\/index.php?rest_route=\/wp\/v2\/users\/1"}],"replies":[{"embeddable":true,"href":"https:\/\/www.fabiotordi.it\/blog\/index.php?rest_route=%2Fwp%2Fv2%2Fcomments&post=3348"}],"version-history":[{"count":0,"href":"https:\/\/www.fabiotordi.it\/blog\/index.php?rest_route=\/wp\/v2\/posts\/3348\/revisions"}],"wp:attachment":[{"href":"https:\/\/www.fabiotordi.it\/blog\/index.php?rest_route=%2Fwp%2Fv2%2Fmedia&parent=3348"}],"wp:term":[{"taxonomy":"category","embeddable":true,"href":"https:\/\/www.fabiotordi.it\/blog\/index.php?rest_route=%2Fwp%2Fv2%2Fcategories&post=3348"},{"taxonomy":"post_tag","embeddable":true,"href":"https:\/\/www.fabiotordi.it\/blog\/index.php?rest_route=%2Fwp%2Fv2%2Ftags&post=3348"}],"curies":[{"name":"wp","href":"https:\/\/api.w.org\/{rel}","templated":true}]}}