{"id":34,"date":"2006-10-31T04:07:30","date_gmt":"2006-10-31T02:07:30","guid":{"rendered":"http:\/\/www.fabiotordi.it\/?p=33"},"modified":"2006-10-31T04:07:30","modified_gmt":"2006-10-31T02:07:30","slug":"praga-giorno-due","status":"publish","type":"post","link":"https:\/\/www.fabiotordi.it\/blog\/?p=34","title":{"rendered":"Praga &#8211; Giorno due"},"content":{"rendered":"<p>Qui fa proprio <strong>caldo!<\/strong> E poi \u00e8 una citt\u00e0 in <strong>collina<\/strong> e fai tante discese e salite, xtanto il caldo aumenta.<br \/>\nCome previsto <strong>\u00e8 difficile<\/strong> trovare posti dove facciano un <strong>buon caff\u00e8<\/strong>, anzi \u00e8 difficile trovare posti dove facciano un caff\u00e8&#8230; <strong>e basta<\/strong>, anche se tantissimo hanno <strong>insegne e marchi italiani<\/strong>.<br \/>\nQui non ci sono autobus, n\u00e8 filobus. Oltre all&#8217;underground il solo mezzo di trasporto \u00e8 il <strong>tram<\/strong>.<br \/>\nHo visto diverse insegne che vedevo spesso a Londra: Subway, T-Mobile, O2, ovviamente McDonald&#8217;s, e&#8230;. c&#8217;\u00e8 la <strong>Tesco<\/strong>! Mi sento a casa.<\/p>\n<p>Stamane un giro fino a <em>Mal\u00e0 Strana<\/em> (<strong>Parte Piccola<\/strong>), con visita alla piazza di <strong>San Nicola<\/strong> e arrampicata fino al <strong>Castello di Praga<\/strong>. &#8220;<em>Vasto borgo circondato da bastioni, pi\u00f9 che arroccata fortezza<\/em>&#8220;, come dice la guida.<br \/>\nAl suo interno la chiesa di <strong>San Vito<\/strong>, stile gotico.<br \/>\nRidiscesi, siamo passati alla chiesa che custodisce il famoso <strong>Bambin Ges\u00f9<\/strong> di Praga.<br \/>\nUn occasionale incontro con un frate italiano ci ha dato l&#8217;opportunit\u00e0 di salire sulla <strong>soffitta<\/strong> della chiesa. <strong>Ma tu dimmi<\/strong>. Per puro caso quel frate, che stava per mostrare i piani alti ad un manipolo di turisti, ci ha fatto accodare al gruppo, e poi aveva fretta di andare perch\u00e8 doveva partire per <strong>Arenzano<\/strong>&#8230;<\/p>\n<p>Altro giro sul Ponte Carlo, per vedere le sue famose statue con la luce del giorno. A proposito di <strong>statue<\/strong>, qui ne hanno la passione: <strong>ce ne sono ovunque<\/strong>, sulle chiese, sui monumenti, sugli edifici importanti&#8230;<br \/>\nIn giro si vede ancora qualche vecchia <strong>Skoda<\/strong>, ma x il resto sono quasi tutte auto nuove.<br \/>\nPensa che bello se i prezzi dei supermercati fossero stati cos\u00ec bassi anche a <strong>Queensway!<\/strong><\/p>\n<div style=\"text-align: center\"><img decoding=\"async\" src=\"http:\/\/www.fabiotordi.it\/blog\/img\/20061031-praga.jpg\" \/><br \/>\n<em>San Francisco? No, Praga.<\/em><\/div>\n","protected":false},"excerpt":{"rendered":"<p>Qui fa proprio caldo! E poi \u00e8 una citt\u00e0 in collina e fai tante discese e salite, xtanto il caldo aumenta. Come previsto \u00e8 difficile trovare posti dove facciano un buon caff\u00e8, anzi \u00e8 difficile trovare posti dove facciano un caff\u00e8&#8230; e basta, anche se tantissimo hanno insegne e marchi italiani. Qui non ci sono [&hellip;]<\/p>\n","protected":false},"author":1,"featured_media":0,"comment_status":"open","ping_status":"closed","sticky":false,"template":"","format":"standard","meta":{"_uag_custom_page_level_css":"","footnotes":""},"categories":[25],"tags":[],"class_list":["post-34","post","type-post","status-publish","format-standard","hentry","category-viaggi"],"uagb_featured_image_src":{"full":false,"thumbnail":false,"medium":false,"medium_large":false,"large":false,"1536x1536":false,"2048x2048":false,"post-thumbnail":false,"post-image":false,"post-image-cover":false,"tptn_thumbnail":false},"uagb_author_info":{"display_name":"Fabio","author_link":"https:\/\/www.fabiotordi.it\/blog\/?author=1"},"uagb_comment_info":0,"uagb_excerpt":"Qui fa proprio caldo! E poi \u00e8 una citt\u00e0 in collina e fai tante discese e salite, xtanto il caldo aumenta. Come previsto \u00e8 difficile trovare posti dove facciano un buon caff\u00e8, anzi \u00e8 difficile trovare posti dove facciano un caff\u00e8&#8230; e basta, anche se tantissimo hanno insegne e marchi italiani. Qui non ci sono&hellip;","_links":{"self":[{"href":"https:\/\/www.fabiotordi.it\/blog\/index.php?rest_route=\/wp\/v2\/posts\/34","targetHints":{"allow":["GET"]}}],"collection":[{"href":"https:\/\/www.fabiotordi.it\/blog\/index.php?rest_route=\/wp\/v2\/posts"}],"about":[{"href":"https:\/\/www.fabiotordi.it\/blog\/index.php?rest_route=\/wp\/v2\/types\/post"}],"author":[{"embeddable":true,"href":"https:\/\/www.fabiotordi.it\/blog\/index.php?rest_route=\/wp\/v2\/users\/1"}],"replies":[{"embeddable":true,"href":"https:\/\/www.fabiotordi.it\/blog\/index.php?rest_route=%2Fwp%2Fv2%2Fcomments&post=34"}],"version-history":[{"count":0,"href":"https:\/\/www.fabiotordi.it\/blog\/index.php?rest_route=\/wp\/v2\/posts\/34\/revisions"}],"wp:attachment":[{"href":"https:\/\/www.fabiotordi.it\/blog\/index.php?rest_route=%2Fwp%2Fv2%2Fmedia&parent=34"}],"wp:term":[{"taxonomy":"category","embeddable":true,"href":"https:\/\/www.fabiotordi.it\/blog\/index.php?rest_route=%2Fwp%2Fv2%2Fcategories&post=34"},{"taxonomy":"post_tag","embeddable":true,"href":"https:\/\/www.fabiotordi.it\/blog\/index.php?rest_route=%2Fwp%2Fv2%2Ftags&post=34"}],"curies":[{"name":"wp","href":"https:\/\/api.w.org\/{rel}","templated":true}]}}