{"id":3495,"date":"2023-12-05T22:43:40","date_gmt":"2023-12-05T21:43:40","guid":{"rendered":"https:\/\/www.fabiotordi.it\/blog\/?p=3495"},"modified":"2023-12-03T22:45:34","modified_gmt":"2023-12-03T21:45:34","slug":"terre-e-cultura-guida-turistica-della-comunita-montana-delloltrepo-pavese","status":"publish","type":"post","link":"https:\/\/www.fabiotordi.it\/blog\/?p=3495","title":{"rendered":"Terre e cultura &#8211; Guida turistica della Comunit\u00e0 montana dell&#8217;Oltrep\u00f2 Pavese"},"content":{"rendered":"\n<p>da &#8220;Terre e cultura &#8211; Guida turistica della Comunit\u00e0 montana dell&#8217;Oltrep\u00f2 Pavese&#8221; 2011. Testi e fotografie di <strong>Alessandro Disperati <\/strong>e <strong>Mattia Tanzi<\/strong>.<\/p>\n\n\n\n<p><strong>BRALLO DI PREGOLA <\/strong>Il Brallo ha un&#8217;estensione di 4638 ettari. L&#8217;altitudine del capoluogo \u00e8 di <strong>951 <\/strong>metri mentre il territorio varia dai 371 ai 1724 metri (<strong>Monte Lesima<\/strong>). Il Santo Patrono \u00e8 <strong>San Rocco<\/strong>. Il Passo del Brallo \u00e8 nato proprio a cavallo <strong>dell&#8217;Appennino<\/strong>. Tra gli anni sessanta e settanta ha conosciuto un periodo molto importante per lo sviluppo di questa zona sotto il profilo turistico. \u00c8 in quegli anni che furono realizzati gli alberghi, i ristoranti e gli impianti di risalita. Oggi la localit\u00e0 <strong>non ha perso la sua importanza<\/strong>: negozi, bar, ristoranti e alberghi sono al servizio di sciatori e villeggianti. In particolare va ricordato il <strong>centro tennis <\/strong>C.O.N.I., presso il quale durante l&#8217;estate si svolgono corsi per tutte le et\u00e0 e che offre numerose altre attivit\u00e0 sportive. La caratteristica singolare di questo Comune \u00e8 di essere formato da ben venti frazioni. Alcune importanti e ricche di storia, come <strong>Colleri <\/strong>e <strong>Pregola<\/strong>, altre invece che, addirittura, nel periodo invernale, risultano per lo pi\u00f9 disabitate o contano pochi abitanti.<\/p>\n\n\n\n<p><strong>Storia<\/strong><\/p>\n\n\n\n<p>La denominazione Brallo di Pregola \u00e8 <strong>alquanto recente<\/strong>, ma la storia di questo Comune \u00e8 invece molto antica; Pregola era gi\u00e0 nota all&#8217;epoca longobarda, nel X secolo, quando faceva parte del <strong>Monastero di San Colombano di Bobbio<\/strong>. Fu <strong>Federico Barbarossa<\/strong>, nel 1164. a cedere Pregola alla famiglia dei <strong>Malaspina<\/strong>: rimase in possesso dei marchesi sino alla fine del feudalesimo. L&#8217;abitato antico, con castello e chiesa, sorgeva su di uno sperone roccioso sovrastante l&#8217;attuale. Soltanto nel 1789 Pregola cess\u00f2 di essere marchesato e fu annesso alla comunit\u00e0 di Santa Margherita Staffora. Nel 1859 Pregola, con una popolazione di 1756 abitanti, entr\u00f2 a far parte della provincia di Pavia e venne inserito nel I mandamento di Bobbio del circondario di Bobbio. In passato il Comune non si trovava al Brallo, bens\u00ec a Pregola. Il municipio \u00e8 stato trasferito nella sede attuale il <strong>31 marzo del 1958<\/strong>.<\/p>\n\n\n\n<figure class=\"wp-block-image size-large\"><a href=\"https:\/\/www.fabiotordi.it\/blog\/wp-content\/uploads\/2023\/12\/395272604_10230821807109231_8062694887836132339_n.jpg\"><img loading=\"lazy\" decoding=\"async\" width=\"1024\" height=\"957\" src=\"https:\/\/www.fabiotordi.it\/blog\/wp-content\/uploads\/2023\/12\/395272604_10230821807109231_8062694887836132339_n-1024x957.jpg\" alt=\"\" class=\"wp-image-3496\" srcset=\"https:\/\/www.fabiotordi.it\/blog\/wp-content\/uploads\/2023\/12\/395272604_10230821807109231_8062694887836132339_n-1024x957.jpg 1024w, https:\/\/www.fabiotordi.it\/blog\/wp-content\/uploads\/2023\/12\/395272604_10230821807109231_8062694887836132339_n-300x280.jpg 300w, https:\/\/www.fabiotordi.it\/blog\/wp-content\/uploads\/2023\/12\/395272604_10230821807109231_8062694887836132339_n-768x718.jpg 768w, https:\/\/www.fabiotordi.it\/blog\/wp-content\/uploads\/2023\/12\/395272604_10230821807109231_8062694887836132339_n-1536x1436.jpg 1536w, https:\/\/www.fabiotordi.it\/blog\/wp-content\/uploads\/2023\/12\/395272604_10230821807109231_8062694887836132339_n-900x841.jpg 900w, https:\/\/www.fabiotordi.it\/blog\/wp-content\/uploads\/2023\/12\/395272604_10230821807109231_8062694887836132339_n-1280x1196.jpg 1280w, https:\/\/www.fabiotordi.it\/blog\/wp-content\/uploads\/2023\/12\/395272604_10230821807109231_8062694887836132339_n.jpg 2048w\" sizes=\"auto, (max-width: 1024px) 100vw, 1024px\" \/><\/a><\/figure>\n","protected":false},"excerpt":{"rendered":"<p>da &#8220;Terre e cultura &#8211; Guida turistica della Comunit\u00e0 montana dell&#8217;Oltrep\u00f2 Pavese&#8221; 2011. Testi e fotografie di Alessandro Disperati e Mattia Tanzi. BRALLO DI PREGOLA Il Brallo ha un&#8217;estensione di 4638 ettari. L&#8217;altitudine del capoluogo \u00e8 di 951 metri mentre il territorio varia dai 371 ai 1724 metri (Monte Lesima). Il Santo Patrono \u00e8 San [&hellip;]<\/p>\n","protected":false},"author":1,"featured_media":0,"comment_status":"open","ping_status":"open","sticky":false,"template":"","format":"standard","meta":{"_uag_custom_page_level_css":"","footnotes":""},"categories":[3],"tags":[],"class_list":["post-3495","post","type-post","status-publish","format-standard","hentry","category-altro"],"uagb_featured_image_src":{"full":false,"thumbnail":false,"medium":false,"medium_large":false,"large":false,"1536x1536":false,"2048x2048":false,"post-thumbnail":false,"post-image":false,"post-image-cover":false,"tptn_thumbnail":false},"uagb_author_info":{"display_name":"Fabio","author_link":"https:\/\/www.fabiotordi.it\/blog\/?author=1"},"uagb_comment_info":0,"uagb_excerpt":"da &#8220;Terre e cultura &#8211; Guida turistica della Comunit\u00e0 montana dell&#8217;Oltrep\u00f2 Pavese&#8221; 2011. Testi e fotografie di Alessandro Disperati e Mattia Tanzi. BRALLO DI PREGOLA Il Brallo ha un&#8217;estensione di 4638 ettari. L&#8217;altitudine del capoluogo \u00e8 di 951 metri mentre il territorio varia dai 371 ai 1724 metri (Monte Lesima). Il Santo Patrono \u00e8 San&hellip;","_links":{"self":[{"href":"https:\/\/www.fabiotordi.it\/blog\/index.php?rest_route=\/wp\/v2\/posts\/3495","targetHints":{"allow":["GET"]}}],"collection":[{"href":"https:\/\/www.fabiotordi.it\/blog\/index.php?rest_route=\/wp\/v2\/posts"}],"about":[{"href":"https:\/\/www.fabiotordi.it\/blog\/index.php?rest_route=\/wp\/v2\/types\/post"}],"author":[{"embeddable":true,"href":"https:\/\/www.fabiotordi.it\/blog\/index.php?rest_route=\/wp\/v2\/users\/1"}],"replies":[{"embeddable":true,"href":"https:\/\/www.fabiotordi.it\/blog\/index.php?rest_route=%2Fwp%2Fv2%2Fcomments&post=3495"}],"version-history":[{"count":0,"href":"https:\/\/www.fabiotordi.it\/blog\/index.php?rest_route=\/wp\/v2\/posts\/3495\/revisions"}],"wp:attachment":[{"href":"https:\/\/www.fabiotordi.it\/blog\/index.php?rest_route=%2Fwp%2Fv2%2Fmedia&parent=3495"}],"wp:term":[{"taxonomy":"category","embeddable":true,"href":"https:\/\/www.fabiotordi.it\/blog\/index.php?rest_route=%2Fwp%2Fv2%2Fcategories&post=3495"},{"taxonomy":"post_tag","embeddable":true,"href":"https:\/\/www.fabiotordi.it\/blog\/index.php?rest_route=%2Fwp%2Fv2%2Ftags&post=3495"}],"curies":[{"name":"wp","href":"https:\/\/api.w.org\/{rel}","templated":true}]}}