{"id":3534,"date":"2024-02-26T10:23:58","date_gmt":"2024-02-26T09:23:58","guid":{"rendered":"https:\/\/www.fabiotordi.it\/blog\/?p=3534"},"modified":"2024-02-26T10:23:59","modified_gmt":"2024-02-26T09:23:59","slug":"i-senza-tempo","status":"publish","type":"post","link":"https:\/\/www.fabiotordi.it\/blog\/?p=3534","title":{"rendered":"I senza tempo"},"content":{"rendered":"\n<p>Ho letto questo libro di <strong>Alessandro Forlanini<\/strong>: &#8220;I senza tempo&#8221;.<br>Ho fatto una <strong>fatica bestia<\/strong>. Diciamocelo, <strong>non \u00e8 il mio genere<\/strong>.<br>Eppure i racconti (di altri autori) alla fine del libro <strong>mi sono piaciuti<\/strong>.<br>Eppure il libro <strong>ha vinto<\/strong> anche <strong>dei premi<\/strong>.<\/p>\n\n\n\n<figure class=\"wp-block-image size-large\"><a href=\"https:\/\/www.fabiotordi.it\/blog\/wp-content\/uploads\/2024\/02\/426294454_10231290475265642_2078379077263098851_n.jpg\"><img loading=\"lazy\" decoding=\"async\" width=\"1024\" height=\"982\" src=\"https:\/\/www.fabiotordi.it\/blog\/wp-content\/uploads\/2024\/02\/426294454_10231290475265642_2078379077263098851_n-1024x982.jpg\" alt=\"\" class=\"wp-image-3535\" srcset=\"https:\/\/www.fabiotordi.it\/blog\/wp-content\/uploads\/2024\/02\/426294454_10231290475265642_2078379077263098851_n-1024x982.jpg 1024w, https:\/\/www.fabiotordi.it\/blog\/wp-content\/uploads\/2024\/02\/426294454_10231290475265642_2078379077263098851_n-300x288.jpg 300w, https:\/\/www.fabiotordi.it\/blog\/wp-content\/uploads\/2024\/02\/426294454_10231290475265642_2078379077263098851_n-768x737.jpg 768w, https:\/\/www.fabiotordi.it\/blog\/wp-content\/uploads\/2024\/02\/426294454_10231290475265642_2078379077263098851_n-1536x1473.jpg 1536w, https:\/\/www.fabiotordi.it\/blog\/wp-content\/uploads\/2024\/02\/426294454_10231290475265642_2078379077263098851_n-900x863.jpg 900w, https:\/\/www.fabiotordi.it\/blog\/wp-content\/uploads\/2024\/02\/426294454_10231290475265642_2078379077263098851_n-1280x1228.jpg 1280w, https:\/\/www.fabiotordi.it\/blog\/wp-content\/uploads\/2024\/02\/426294454_10231290475265642_2078379077263098851_n.jpg 2048w\" sizes=\"auto, (max-width: 1024px) 100vw, 1024px\" \/><\/a><\/figure>\n\n\n\n<p><br>Quindi <strong>l&#8217;ignorante sono io<\/strong> e non ne capisco niente. Per\u00f2 per me abbastanza <strong>indigeribile<\/strong>, e a me di solito gli <strong><em>Urania<\/em><\/strong> piacciono, mi fanno volare, mi fanno anche pensare perch\u00e9 talvolta prospettano un futuro diverso da come ce lo immaginiamo o incontri con realt\u00e0 diverse dalle nostre.<br>Stavolta non mi \u00e8 successo. Pazienza, <strong>avanti il prossimo<\/strong>.<\/p>\n","protected":false},"excerpt":{"rendered":"<p>Ho letto questo libro di Alessandro Forlanini: &#8220;I senza tempo&#8221;.Ho fatto una fatica bestia. Diciamocelo, non \u00e8 il mio genere.Eppure i racconti (di altri autori) alla fine del libro mi sono piaciuti.Eppure il libro ha vinto anche dei premi. Quindi l&#8217;ignorante sono io e non ne capisco niente. Per\u00f2 per me abbastanza indigeribile, e a [&hellip;]<\/p>\n","protected":false},"author":1,"featured_media":0,"comment_status":"open","ping_status":"open","sticky":false,"template":"","format":"standard","meta":{"_uag_custom_page_level_css":"","footnotes":""},"categories":[3],"tags":[],"class_list":["post-3534","post","type-post","status-publish","format-standard","hentry","category-altro"],"uagb_featured_image_src":{"full":false,"thumbnail":false,"medium":false,"medium_large":false,"large":false,"1536x1536":false,"2048x2048":false,"post-thumbnail":false,"post-image":false,"post-image-cover":false,"tptn_thumbnail":false},"uagb_author_info":{"display_name":"Fabio","author_link":"https:\/\/www.fabiotordi.it\/blog\/?author=1"},"uagb_comment_info":0,"uagb_excerpt":"Ho letto questo libro di Alessandro Forlanini: &#8220;I senza tempo&#8221;.Ho fatto una fatica bestia. Diciamocelo, non \u00e8 il mio genere.Eppure i racconti (di altri autori) alla fine del libro mi sono piaciuti.Eppure il libro ha vinto anche dei premi. Quindi l&#8217;ignorante sono io e non ne capisco niente. Per\u00f2 per me abbastanza indigeribile, e a&hellip;","_links":{"self":[{"href":"https:\/\/www.fabiotordi.it\/blog\/index.php?rest_route=\/wp\/v2\/posts\/3534","targetHints":{"allow":["GET"]}}],"collection":[{"href":"https:\/\/www.fabiotordi.it\/blog\/index.php?rest_route=\/wp\/v2\/posts"}],"about":[{"href":"https:\/\/www.fabiotordi.it\/blog\/index.php?rest_route=\/wp\/v2\/types\/post"}],"author":[{"embeddable":true,"href":"https:\/\/www.fabiotordi.it\/blog\/index.php?rest_route=\/wp\/v2\/users\/1"}],"replies":[{"embeddable":true,"href":"https:\/\/www.fabiotordi.it\/blog\/index.php?rest_route=%2Fwp%2Fv2%2Fcomments&post=3534"}],"version-history":[{"count":0,"href":"https:\/\/www.fabiotordi.it\/blog\/index.php?rest_route=\/wp\/v2\/posts\/3534\/revisions"}],"wp:attachment":[{"href":"https:\/\/www.fabiotordi.it\/blog\/index.php?rest_route=%2Fwp%2Fv2%2Fmedia&parent=3534"}],"wp:term":[{"taxonomy":"category","embeddable":true,"href":"https:\/\/www.fabiotordi.it\/blog\/index.php?rest_route=%2Fwp%2Fv2%2Fcategories&post=3534"},{"taxonomy":"post_tag","embeddable":true,"href":"https:\/\/www.fabiotordi.it\/blog\/index.php?rest_route=%2Fwp%2Fv2%2Ftags&post=3534"}],"curies":[{"name":"wp","href":"https:\/\/api.w.org\/{rel}","templated":true}]}}