{"id":3606,"date":"2024-08-21T10:37:35","date_gmt":"2024-08-21T09:37:35","guid":{"rendered":"https:\/\/www.fabiotordi.it\/blog\/?p=3606"},"modified":"2024-08-19T10:39:34","modified_gmt":"2024-08-19T09:39:34","slug":"la-siccita","status":"publish","type":"post","link":"https:\/\/www.fabiotordi.it\/blog\/?p=3606","title":{"rendered":"La siccit\u00e0"},"content":{"rendered":"\n<p>Ho letto questo libro di\u00a0<strong>Guido Conti<\/strong>\u00a0intitolato &#8220;<strong>La siccit\u00e0<\/strong>&#8220;.<br>Ambientato a <strong>Mont\u00fa Beccaria<\/strong>, in <strong>Oltrep\u00f3 Pavese<\/strong>, racconta la vita di una famiglia contadina dove il protagonista, un <strong>ragazzino<\/strong>, vive con il pap\u00e0, la mamma e lo zio.<\/p>\n\n\n\n<p>Anche <strong>quell&#8217;estate<\/strong> il ragazzo passa le vacanze scolastiche nel suo paese. Andrea vive male il carattere del padre, molto nervoso a causa di una siccit\u00e0 che dura da mesi, e si svaga girando nei <strong>boschi <\/strong>e facendo una nuova, strana conoscenza.<\/p>\n\n\n\n<figure class=\"wp-block-image size-large\"><a href=\"https:\/\/www.fabiotordi.it\/blog\/wp-content\/uploads\/2024\/08\/449186475_10232095044899380_7163023282712919924_n.jpg\"><img loading=\"lazy\" decoding=\"async\" width=\"1024\" height=\"1024\" src=\"https:\/\/www.fabiotordi.it\/blog\/wp-content\/uploads\/2024\/08\/449186475_10232095044899380_7163023282712919924_n-1024x1024.jpg\" alt=\"\" class=\"wp-image-3607\" srcset=\"https:\/\/www.fabiotordi.it\/blog\/wp-content\/uploads\/2024\/08\/449186475_10232095044899380_7163023282712919924_n-1024x1024.jpg 1024w, https:\/\/www.fabiotordi.it\/blog\/wp-content\/uploads\/2024\/08\/449186475_10232095044899380_7163023282712919924_n-300x300.jpg 300w, https:\/\/www.fabiotordi.it\/blog\/wp-content\/uploads\/2024\/08\/449186475_10232095044899380_7163023282712919924_n-150x150.jpg 150w, https:\/\/www.fabiotordi.it\/blog\/wp-content\/uploads\/2024\/08\/449186475_10232095044899380_7163023282712919924_n-768x768.jpg 768w, https:\/\/www.fabiotordi.it\/blog\/wp-content\/uploads\/2024\/08\/449186475_10232095044899380_7163023282712919924_n-88x88.jpg 88w, https:\/\/www.fabiotordi.it\/blog\/wp-content\/uploads\/2024\/08\/449186475_10232095044899380_7163023282712919924_n-900x900.jpg 900w, https:\/\/www.fabiotordi.it\/blog\/wp-content\/uploads\/2024\/08\/449186475_10232095044899380_7163023282712919924_n-1280x1280.jpg 1280w, https:\/\/www.fabiotordi.it\/blog\/wp-content\/uploads\/2024\/08\/449186475_10232095044899380_7163023282712919924_n-250x250.jpg 250w, https:\/\/www.fabiotordi.it\/blog\/wp-content\/uploads\/2024\/08\/449186475_10232095044899380_7163023282712919924_n.jpg 1440w\" sizes=\"auto, (max-width: 1024px) 100vw, 1024px\" \/><\/a><\/figure>\n\n\n\n<p>Un libro di lettura <strong>molto piacevole e scorrevol<\/strong>e. Guido ti porta in quel mondo, facendoti sentire la siccit\u00e0 addosso, sulla pelle secca, sulle labbra screpolate, facendoti addirittura venir una sete da arsura pagina dopo pagina. E quando l&#8217;estate finisce, ti viene voglia di <strong>tornare a scuola<\/strong> insieme ad <strong>Andrea<\/strong>.<\/p>\n","protected":false},"excerpt":{"rendered":"<p>Ho letto questo libro di\u00a0Guido Conti\u00a0intitolato &#8220;La siccit\u00e0&#8220;.Ambientato a Mont\u00fa Beccaria, in Oltrep\u00f3 Pavese, racconta la vita di una famiglia contadina dove il protagonista, un ragazzino, vive con il pap\u00e0, la mamma e lo zio. Anche quell&#8217;estate il ragazzo passa le vacanze scolastiche nel suo paese. Andrea vive male il carattere del padre, molto nervoso [&hellip;]<\/p>\n","protected":false},"author":1,"featured_media":0,"comment_status":"open","ping_status":"open","sticky":false,"template":"","format":"standard","meta":{"_uag_custom_page_level_css":"","footnotes":""},"categories":[3],"tags":[],"class_list":["post-3606","post","type-post","status-publish","format-standard","hentry","category-altro"],"uagb_featured_image_src":{"full":false,"thumbnail":false,"medium":false,"medium_large":false,"large":false,"1536x1536":false,"2048x2048":false,"post-thumbnail":false,"post-image":false,"post-image-cover":false,"tptn_thumbnail":false},"uagb_author_info":{"display_name":"Fabio","author_link":"https:\/\/www.fabiotordi.it\/blog\/?author=1"},"uagb_comment_info":0,"uagb_excerpt":"Ho letto questo libro di\u00a0Guido Conti\u00a0intitolato &#8220;La siccit\u00e0&#8220;.Ambientato a Mont\u00fa Beccaria, in Oltrep\u00f3 Pavese, racconta la vita di una famiglia contadina dove il protagonista, un ragazzino, vive con il pap\u00e0, la mamma e lo zio. Anche quell&#8217;estate il ragazzo passa le vacanze scolastiche nel suo paese. Andrea vive male il carattere del padre, molto nervoso&hellip;","_links":{"self":[{"href":"https:\/\/www.fabiotordi.it\/blog\/index.php?rest_route=\/wp\/v2\/posts\/3606","targetHints":{"allow":["GET"]}}],"collection":[{"href":"https:\/\/www.fabiotordi.it\/blog\/index.php?rest_route=\/wp\/v2\/posts"}],"about":[{"href":"https:\/\/www.fabiotordi.it\/blog\/index.php?rest_route=\/wp\/v2\/types\/post"}],"author":[{"embeddable":true,"href":"https:\/\/www.fabiotordi.it\/blog\/index.php?rest_route=\/wp\/v2\/users\/1"}],"replies":[{"embeddable":true,"href":"https:\/\/www.fabiotordi.it\/blog\/index.php?rest_route=%2Fwp%2Fv2%2Fcomments&post=3606"}],"version-history":[{"count":0,"href":"https:\/\/www.fabiotordi.it\/blog\/index.php?rest_route=\/wp\/v2\/posts\/3606\/revisions"}],"wp:attachment":[{"href":"https:\/\/www.fabiotordi.it\/blog\/index.php?rest_route=%2Fwp%2Fv2%2Fmedia&parent=3606"}],"wp:term":[{"taxonomy":"category","embeddable":true,"href":"https:\/\/www.fabiotordi.it\/blog\/index.php?rest_route=%2Fwp%2Fv2%2Fcategories&post=3606"},{"taxonomy":"post_tag","embeddable":true,"href":"https:\/\/www.fabiotordi.it\/blog\/index.php?rest_route=%2Fwp%2Fv2%2Ftags&post=3606"}],"curies":[{"name":"wp","href":"https:\/\/api.w.org\/{rel}","templated":true}]}}