{"id":3622,"date":"2024-08-29T16:56:45","date_gmt":"2024-08-29T15:56:45","guid":{"rendered":"https:\/\/www.fabiotordi.it\/blog\/?p=3622"},"modified":"2024-08-26T17:08:20","modified_gmt":"2024-08-26T16:08:20","slug":"via-damelio","status":"publish","type":"post","link":"https:\/\/www.fabiotordi.it\/blog\/?p=3622","title":{"rendered":"Via d&#8217;Amelio"},"content":{"rendered":"\n<p>Ricordo quel giorno del luglio <strong>1992<\/strong>, sulla panchina del parco di Brallo, stavamo noi diciottenni a elaborare piani per provarci colle ragazze. Nel tardo pomeriggio venne <strong>Alberto<\/strong>, un ragazzone grande, non molto carino, ma che ci sapeva fare: aveva un nonsoch\u00e9 a renderlo simpatico alle donne e anche agli uomini.<\/p>\n\n\n\n<p>Veniva al Brallo <strong>solo d&#8217;estate<\/strong>, come tanti, ma era amico di tutti. Passavamo le giornate al parco, oppure al <strong>Trebbia<\/strong>, in piazza o in giro in bici, e lui mi diceva sempre: &#8220;<em>vedrai l&#8217;anno prossimo, quando avremo la patente, allora s\u00ec che potremo portare in giro le ragazze<\/em>&#8220;.<\/p>\n\n\n\n<p>Quel pomeriggio arriv\u00f2 di corsa dicendo: <strong>NE HANNO AMMAZZATO UN ALTRO<\/strong>. Un altro chi? Chiesi. <strong>UN ALTRO MAGISTRATO, DI QUELLI DI PALERMO, HANNO MESSO UN&#8217;ALTRA BOMBA<\/strong>. Avevo ancora negli occhi l&#8217;esplosione di <strong>Capaci<\/strong>, dove avevano fatto saltare in aria l&#8217;autostrada per uccidere quel <strong>Falcone<\/strong>. E adesso <strong>un altro<\/strong>. Un <strong>brivido <\/strong>lungo la schiena. I brutti fatti di cronaca nera di una volta li avevo assorbiti come fa un bambino, senza farci troppo caso, ma quelli no: avevo <strong>diciott&#8217;anni <\/strong>e a quell&#8217;et\u00e0 stai per mangiarti il mondo. Ed ecco che qualcuno compie una cosa cos\u00ec grave, cos\u00ec feroce. Pareva di essere in guerra.<\/p>\n\n\n\n<p>Un altro, mi aveva detto Alberto,<strong> ne hanno ammazzato un altro<\/strong>.<\/p>\n\n\n\n<p>Pass\u00f2 l&#8217;estate, e in primavera un giorno vennero i parenti di Alberto nel mio negozio a Brallo. Mi dissero: <strong>forse non l&#8217;hai saputo<\/strong>, Alberto aveva la febbre forte, gli hanno diagnosticato una <strong>leucemia <\/strong>fulminante e nel giro di una settimana non c&#8217;era pi\u00f9.<\/p>\n\n\n\n<p>E io nell&#8217;estate 1993 giravo in auto, con la mia bella patente, <strong>sperando in un futuro migliore<\/strong>, cercando di capire meglio cosa stesse succedendo nel mondo e ricordando sempre quel ragazzone che stava simpatico a tutti, che per\u00f2 non era con me a girare in auto e invitare le ragazze al Trebbia.<\/p>\n","protected":false},"excerpt":{"rendered":"<p>Ricordo quel giorno del luglio 1992, sulla panchina del parco di Brallo, stavamo noi diciottenni a elaborare piani per provarci colle ragazze. Nel tardo pomeriggio venne Alberto, un ragazzone grande, non molto carino, ma che ci sapeva fare: aveva un nonsoch\u00e9 a renderlo simpatico alle donne e anche agli uomini. Veniva al Brallo solo d&#8217;estate, [&hellip;]<\/p>\n","protected":false},"author":1,"featured_media":0,"comment_status":"open","ping_status":"open","sticky":false,"template":"","format":"standard","meta":{"_uag_custom_page_level_css":"","footnotes":""},"categories":[3],"tags":[],"class_list":["post-3622","post","type-post","status-publish","format-standard","hentry","category-altro"],"uagb_featured_image_src":{"full":false,"thumbnail":false,"medium":false,"medium_large":false,"large":false,"1536x1536":false,"2048x2048":false,"post-thumbnail":false,"post-image":false,"post-image-cover":false,"tptn_thumbnail":false},"uagb_author_info":{"display_name":"Fabio","author_link":"https:\/\/www.fabiotordi.it\/blog\/?author=1"},"uagb_comment_info":0,"uagb_excerpt":"Ricordo quel giorno del luglio 1992, sulla panchina del parco di Brallo, stavamo noi diciottenni a elaborare piani per provarci colle ragazze. Nel tardo pomeriggio venne Alberto, un ragazzone grande, non molto carino, ma che ci sapeva fare: aveva un nonsoch\u00e9 a renderlo simpatico alle donne e anche agli uomini. Veniva al Brallo solo d&#8217;estate,&hellip;","_links":{"self":[{"href":"https:\/\/www.fabiotordi.it\/blog\/index.php?rest_route=\/wp\/v2\/posts\/3622","targetHints":{"allow":["GET"]}}],"collection":[{"href":"https:\/\/www.fabiotordi.it\/blog\/index.php?rest_route=\/wp\/v2\/posts"}],"about":[{"href":"https:\/\/www.fabiotordi.it\/blog\/index.php?rest_route=\/wp\/v2\/types\/post"}],"author":[{"embeddable":true,"href":"https:\/\/www.fabiotordi.it\/blog\/index.php?rest_route=\/wp\/v2\/users\/1"}],"replies":[{"embeddable":true,"href":"https:\/\/www.fabiotordi.it\/blog\/index.php?rest_route=%2Fwp%2Fv2%2Fcomments&post=3622"}],"version-history":[{"count":0,"href":"https:\/\/www.fabiotordi.it\/blog\/index.php?rest_route=\/wp\/v2\/posts\/3622\/revisions"}],"wp:attachment":[{"href":"https:\/\/www.fabiotordi.it\/blog\/index.php?rest_route=%2Fwp%2Fv2%2Fmedia&parent=3622"}],"wp:term":[{"taxonomy":"category","embeddable":true,"href":"https:\/\/www.fabiotordi.it\/blog\/index.php?rest_route=%2Fwp%2Fv2%2Fcategories&post=3622"},{"taxonomy":"post_tag","embeddable":true,"href":"https:\/\/www.fabiotordi.it\/blog\/index.php?rest_route=%2Fwp%2Fv2%2Ftags&post=3622"}],"curies":[{"name":"wp","href":"https:\/\/api.w.org\/{rel}","templated":true}]}}