{"id":3624,"date":"2024-09-23T18:01:45","date_gmt":"2024-09-23T17:01:45","guid":{"rendered":"https:\/\/www.fabiotordi.it\/blog\/?p=3624"},"modified":"2024-09-23T18:01:46","modified_gmt":"2024-09-23T17:01:46","slug":"non-posso","status":"publish","type":"post","link":"https:\/\/www.fabiotordi.it\/blog\/?p=3624","title":{"rendered":"Non posso"},"content":{"rendered":"\n<p>&#8220;Non posso&#8221;<br>&#8220;Non riesco&#8221;<br>&#8220;Non ho tempo&#8221;<\/p>\n\n\n\n<p>Tutte scuse. Si, certo, c&#8217;\u00e8 un fondo di verit\u00e0, ma si tratta di <strong>PRIORIT\u00c0<\/strong>: se vuoi fare una cosa la fai, se vuoi vedere una persona <strong>la vedi<\/strong>, se vuoi occuparti di una faccenda te ne occupi. Se non lo fai, se <strong>procrastini<\/strong>, se eviti, puoi raccontare a te stesso tutte le &#8220;<strong>scuse<\/strong>&#8221; che vuoi, ma la realt\u00e0 \u00e8 che quella cosa, o quella persona o faccenda non \u00e8 cos\u00ec prioritaria per te.<\/p>\n\n\n\n<figure class=\"wp-block-image size-large\"><a href=\"https:\/\/www.fabiotordi.it\/blog\/wp-content\/uploads\/2024\/09\/453192831_18443868628003502_9169197620270998292_n.jpg\"><img loading=\"lazy\" decoding=\"async\" width=\"1024\" height=\"1024\" src=\"https:\/\/www.fabiotordi.it\/blog\/wp-content\/uploads\/2024\/09\/453192831_18443868628003502_9169197620270998292_n-1024x1024.jpg\" alt=\"\" class=\"wp-image-3625\" srcset=\"https:\/\/www.fabiotordi.it\/blog\/wp-content\/uploads\/2024\/09\/453192831_18443868628003502_9169197620270998292_n-1024x1024.jpg 1024w, https:\/\/www.fabiotordi.it\/blog\/wp-content\/uploads\/2024\/09\/453192831_18443868628003502_9169197620270998292_n-300x300.jpg 300w, https:\/\/www.fabiotordi.it\/blog\/wp-content\/uploads\/2024\/09\/453192831_18443868628003502_9169197620270998292_n-150x150.jpg 150w, https:\/\/www.fabiotordi.it\/blog\/wp-content\/uploads\/2024\/09\/453192831_18443868628003502_9169197620270998292_n-768x768.jpg 768w, https:\/\/www.fabiotordi.it\/blog\/wp-content\/uploads\/2024\/09\/453192831_18443868628003502_9169197620270998292_n-88x88.jpg 88w, https:\/\/www.fabiotordi.it\/blog\/wp-content\/uploads\/2024\/09\/453192831_18443868628003502_9169197620270998292_n-900x900.jpg 900w, https:\/\/www.fabiotordi.it\/blog\/wp-content\/uploads\/2024\/09\/453192831_18443868628003502_9169197620270998292_n-1280x1280.jpg 1280w, https:\/\/www.fabiotordi.it\/blog\/wp-content\/uploads\/2024\/09\/453192831_18443868628003502_9169197620270998292_n-250x250.jpg 250w, https:\/\/www.fabiotordi.it\/blog\/wp-content\/uploads\/2024\/09\/453192831_18443868628003502_9169197620270998292_n.jpg 1440w\" sizes=\"auto, (max-width: 1024px) 100vw, 1024px\" \/><\/a><\/figure>\n","protected":false},"excerpt":{"rendered":"<p>&#8220;Non posso&#8221;&#8220;Non riesco&#8221;&#8220;Non ho tempo&#8221; Tutte scuse. Si, certo, c&#8217;\u00e8 un fondo di verit\u00e0, ma si tratta di PRIORIT\u00c0: se vuoi fare una cosa la fai, se vuoi vedere una persona la vedi, se vuoi occuparti di una faccenda te ne occupi. Se non lo fai, se procrastini, se eviti, puoi raccontare a te stesso [&hellip;]<\/p>\n","protected":false},"author":1,"featured_media":0,"comment_status":"open","ping_status":"open","sticky":false,"template":"","format":"standard","meta":{"_uag_custom_page_level_css":"","footnotes":""},"categories":[3],"tags":[],"class_list":["post-3624","post","type-post","status-publish","format-standard","hentry","category-altro"],"uagb_featured_image_src":{"full":false,"thumbnail":false,"medium":false,"medium_large":false,"large":false,"1536x1536":false,"2048x2048":false,"post-thumbnail":false,"post-image":false,"post-image-cover":false,"tptn_thumbnail":false},"uagb_author_info":{"display_name":"Fabio","author_link":"https:\/\/www.fabiotordi.it\/blog\/?author=1"},"uagb_comment_info":0,"uagb_excerpt":"&#8220;Non posso&#8221;&#8220;Non riesco&#8221;&#8220;Non ho tempo&#8221; Tutte scuse. Si, certo, c&#8217;\u00e8 un fondo di verit\u00e0, ma si tratta di PRIORIT\u00c0: se vuoi fare una cosa la fai, se vuoi vedere una persona la vedi, se vuoi occuparti di una faccenda te ne occupi. Se non lo fai, se procrastini, se eviti, puoi raccontare a te stesso&hellip;","_links":{"self":[{"href":"https:\/\/www.fabiotordi.it\/blog\/index.php?rest_route=\/wp\/v2\/posts\/3624","targetHints":{"allow":["GET"]}}],"collection":[{"href":"https:\/\/www.fabiotordi.it\/blog\/index.php?rest_route=\/wp\/v2\/posts"}],"about":[{"href":"https:\/\/www.fabiotordi.it\/blog\/index.php?rest_route=\/wp\/v2\/types\/post"}],"author":[{"embeddable":true,"href":"https:\/\/www.fabiotordi.it\/blog\/index.php?rest_route=\/wp\/v2\/users\/1"}],"replies":[{"embeddable":true,"href":"https:\/\/www.fabiotordi.it\/blog\/index.php?rest_route=%2Fwp%2Fv2%2Fcomments&post=3624"}],"version-history":[{"count":0,"href":"https:\/\/www.fabiotordi.it\/blog\/index.php?rest_route=\/wp\/v2\/posts\/3624\/revisions"}],"wp:attachment":[{"href":"https:\/\/www.fabiotordi.it\/blog\/index.php?rest_route=%2Fwp%2Fv2%2Fmedia&parent=3624"}],"wp:term":[{"taxonomy":"category","embeddable":true,"href":"https:\/\/www.fabiotordi.it\/blog\/index.php?rest_route=%2Fwp%2Fv2%2Fcategories&post=3624"},{"taxonomy":"post_tag","embeddable":true,"href":"https:\/\/www.fabiotordi.it\/blog\/index.php?rest_route=%2Fwp%2Fv2%2Ftags&post=3624"}],"curies":[{"name":"wp","href":"https:\/\/api.w.org\/{rel}","templated":true}]}}