{"id":3632,"date":"2024-09-27T18:08:49","date_gmt":"2024-09-27T17:08:49","guid":{"rendered":"https:\/\/www.fabiotordi.it\/blog\/?p=3632"},"modified":"2024-09-23T18:15:21","modified_gmt":"2024-09-23T17:15:21","slug":"via-del-sale-capanne-di-cosola-torriglia","status":"publish","type":"post","link":"https:\/\/www.fabiotordi.it\/blog\/?p=3632","title":{"rendered":"Via del sale (Capanne di Cosola &#8211; Torriglia)"},"content":{"rendered":"\n<p><strong>LA PI\u00d9 BELLA ESPERIENZA DEL 2024<\/strong><\/p>\n\n\n\n<p>Due tappe della VIA DEL SALE col mio bambino.<\/p>\n\n\n\n<p>In una bella giornata di <strong>luglio<\/strong>, Io e Leo partiamo da <strong>Capanne di Cosola<\/strong>. Non sappiamo quanto staremo via, quindi ho con me uno <strong>zaino<\/strong> grande pieno di cambi (e di <strong>acqua<\/strong>). Leo ha il suo zainetto di <strong>Bing<\/strong>, con dentro qualche panino, che dopo poche centinaia di metri <strong>lascia portare a me<\/strong>.<\/p>\n\n\n\n<p>Chi ha fatto questo percorso lo sa: \u00e8 tutto un <strong>saliscendi<\/strong>, e la meta sembra non arrivare mai. Dopo <strong>un&#8217;ora<\/strong> di cammino, l&#8217;app che utilizzo mi segnala che abbiamo fatto <strong>solo il 9%<\/strong> del percorso. Un pelino di sconforto inizia ad insinuarsi nella mia testa: sono gi\u00e0 <strong>molto stanco<\/strong>, soprattutto a causa del peso che devo portare (lo zaino, lo zainetto, e spesso anche Leo) e ho compiuto meno del 10% da &#8220;<strong>fresco<\/strong>&#8220;, quindi per fare tutto il percorso di oggi ci metteremo, se va bene, <strong>10 ore<\/strong>? Ohib\u00f2, siamo partiti molto tardi, alle 10. <strong>Ho fatto male i miei conti.<\/strong><\/p>\n\n\n\n<p>Per ora proseguiamo, non ci sono molte <strong>alternative<\/strong>, siamo in mezzo ai <strong>monti<\/strong>. Finch\u00e9 non arriveremo a una <strong>strada asfaltata<\/strong> non c&#8217;\u00e8 neanche modo di farci venire a prendere. Quindi forza, coraggio, pause, e si prosegue. Cerco di portare <strong>in spalla<\/strong> Leo nelle discese, perch\u00e9 nelle salite mi \u00e8 davvero <strong>impossibile<\/strong>: oltre al peso, lo zaino mi ingombra e quindi il bambino mi sta sulle spalle in una posizione sbagliata, pesandomi <strong>sul collo<\/strong>, sulla <strong>nuca<\/strong> e sulla <strong>testa<\/strong>.<\/p>\n\n\n\n<p>Dove non possono le energie, pu\u00f2 la <strong>forza di volont\u00e0<\/strong>. Quando arriviamo alle pendici del <strong>Monte Carmo <\/strong>la traccia mi dice di <strong>circumnavigarlo<\/strong>. Col <strong>cavolo<\/strong>: per me fare &#8220;trekking&#8221; vuol dire conquistare, e quindi <strong>DEVO<\/strong> conquistare anche questa cima. Saliamo. Poi scendiamo fino a <strong>Capanne di Carrega<\/strong>.<\/p>\n\n\n\n<p>Siamo solo a poco pi\u00f9 di met\u00e0 percorso e sono gi\u00e0 le 15:30, sono molto provato, i cartelli indicano che per raggiungere il monte Antola ci vogliono <strong>due ore<\/strong>, col passo da escursionista ovviamente, noi abbiamo i tempi dilatati e quasi <strong>raddoppiati<\/strong>, per ovvie ragioni.<\/p>\n\n\n\n<p>Secondo me <strong>ce la facciamo<\/strong>. Non so come, non so quando, non so in che condizioni, ma <strong>arriveremo<\/strong>.<\/p>\n\n\n\n<p>Il mio dubbio pi\u00f9 grande, ovviamente, riguarda Leo.<\/p>\n\n\n\n<p>Per ora si \u00e8 fatto portare poco, ma per esperienza potrebbe cedere da un momento all&#8217;altro, e <strong>non camminare pi\u00f9<\/strong>. Non ha neanche <strong>quattro anni<\/strong> e la tappa di oggi \u00e8 lunga oltre <strong>16 km<\/strong>, e soprattutto con un <strong>forte dislivello<\/strong>. A volte, quando facciamo un giro per Voghera, non vuol pi\u00f9 camminare e mi tocca portarlo in braccio per qualche centinaio di metri. Qui siamo in montagna, sono stravolto, e stiamo parlando di chilometri.<\/p>\n\n\n\n<p>Ma ce la faremo, <strong>ne sono sicuro<\/strong>.<\/p>\n\n\n\n<p>A volte mi tolgo lo zaino e mi rendo conto che improvvisamente mi tornano tutte le energie. Per capire se \u00e8 solo una sensazione oppure \u00e8 davvero cos\u00ec, mi tolgo lo zaino e provo a fare una <strong>corsetta<\/strong>. Viaggio <strong>come un treno<\/strong>. Ottimo. Vuol dire che le forze ci sono, e con il mio bambino sono pronto ad andare anche <strong>sulla Luna<\/strong>.<\/p>\n\n\n\n<p>Fortunatamente la salita <strong>all&#8217;Antola<\/strong> \u00e8 lunga, ma <strong>non molto<\/strong> ripida. Leo sembra in grande forma. Io sfodero tutti i miei <strong>trucchi psicologici<\/strong> a disposizione: giochiamo a nascondino, giochiamo a &#8220;tu non mi prendi&#8221;, cantiamo canzoni, facciamo video, giochiamo a chi arriva prima, guardiamo se vediamo le mucche e cerchiamo di evitarne le cacche, raccogliamo fiori da portare alla mamma, ecc.<\/p>\n\n\n\n<p>L&#8217;ultimo tratto \u00e8 ancora in <strong>netta salita<\/strong>. Leo vorrebbe esser preso in spalla, ma la mia schiena si rifiuta, allora lo prendo in braccio. Anche in questo caso la traccia vorrebbe farmi tagliare la vetta del monte <strong>Antola<\/strong> per andare verso il rifugio. <strong>Non ci penso neanche<\/strong>, sono nove ore che cammino e voglio piantare la bandiera virtuale sulla vetta.<\/p>\n\n\n\n<p>Quando siamo l\u00e0 in alto \u00e8 una sensazione eccezionale, indescrivibile. <strong>Ce l&#8217;ho fatta<\/strong>, considerando che dopo un&#8217;ora di cammino ero gi\u00e0 stanchissimo. C<strong>e l&#8217;abbiamo fatta<\/strong>, siamo una squadra fortissima. Soprattutto <strong>Leo ce l&#8217;ha fatta!<\/strong> Sono estremamente <strong>orgoglioso<\/strong> del mio bimbo. \u00c8 qui che salta come una cavalletta, non ha mai fatto una volta i capricci, ha mangiato, bevuto e riposato quando doveva, e ha camminato tanto, sicuramente pi\u00f9 di due terzi del percorso. <strong>\u00c8 il mio campione<\/strong>.<\/p>\n\n\n\n<p>Raggiungiamo il rifugio del Parco Antola, dove ci attende una bella <strong>doccia<\/strong> e una <strong>cena delizios<\/strong>a, degna dei migliori ristoranti (giuro, vi assicuro che non era la fame, era proprio tutto molto buono). Troviamo anche una famiglia con un bambino di un anno pi\u00f9 grande di Leo. Loro sono partiti da Capanne di Carrega o da Casa del Romano, quindi hanno fatto un po&#8217; meno di met\u00e0 del nostro percorso (e soprattutto la parte pi\u00f9 facile), e il pap\u00e0 mi diceva che ha portato il bambino in spalla per ben pi\u00f9 di met\u00e0 del percorso.<\/p>\n\n\n\n<p>Giorno 2: dopo un <strong>sonno ristoratore<\/strong> e un abbondante colazione prendiamo il sentiero che ci far\u00e0 scendere verso Torriglia. Penso che ho gi\u00e0 chiesto tanto al mio piccolo, quindi decido che sar\u00e0 il nostro <strong>ultimo giorno<\/strong>. Chiamo l&#8217;albergo (che avevamo prenotato) per disdire, dicendo che sarai passato per lasciare ci\u00f2 che dovevo, ma loro, molto gentilmente, mi hanno ringraziato per aver telefonato e mi hanno detto che eravamo a posto cos\u00ec. Ho chiamato Valentina, con la quale eravamo gi\u00e0 d&#8217;accordo di vederci a Torriglia, comunicandole che saremmo tornati tutti insieme con lei.<\/p>\n\n\n\n<p>La discesa \u00e8 stata <strong>piacevole<\/strong> e, anche se nel tratto finale \u00e8 molto <strong>impegnativa<\/strong> in quanto tutta <strong>mulattiera<\/strong>, non ha presentato particolari problemi. Abbiamo chiacchierato e giocato. Siamo arrivati a Torriglia alle tre del pomeriggio per un bel <strong>gelatone<\/strong>.<\/p>\n\n\n\n<figure class=\"wp-block-embed is-type-video is-provider-youtube wp-block-embed-youtube wp-embed-aspect-16-9 wp-has-aspect-ratio\"><div class=\"wp-block-embed__wrapper\">\n<iframe loading=\"lazy\" title=\"Capanne di Cosola - Monte Antola - Torriglia. Via del Sale, Via del Mare\" width=\"629\" height=\"354\" src=\"https:\/\/www.youtube.com\/embed\/4IYXRDDQOlE?feature=oembed\" frameborder=\"0\" allow=\"accelerometer; autoplay; clipboard-write; encrypted-media; gyroscope; picture-in-picture; web-share\" referrerpolicy=\"strict-origin-when-cross-origin\" allowfullscreen><\/iframe>\n<\/div><\/figure>\n","protected":false},"excerpt":{"rendered":"<p>LA PI\u00d9 BELLA ESPERIENZA DEL 2024 Due tappe della VIA DEL SALE col mio bambino. In una bella giornata di luglio, Io e Leo partiamo da Capanne di Cosola. Non sappiamo quanto staremo via, quindi ho con me uno zaino grande pieno di cambi (e di acqua). Leo ha il suo zainetto di Bing, con [&hellip;]<\/p>\n","protected":false},"author":1,"featured_media":0,"comment_status":"open","ping_status":"open","sticky":false,"template":"","format":"standard","meta":{"_uag_custom_page_level_css":"","footnotes":""},"categories":[3],"tags":[],"class_list":["post-3632","post","type-post","status-publish","format-standard","hentry","category-altro"],"uagb_featured_image_src":{"full":false,"thumbnail":false,"medium":false,"medium_large":false,"large":false,"1536x1536":false,"2048x2048":false,"post-thumbnail":false,"post-image":false,"post-image-cover":false,"tptn_thumbnail":false},"uagb_author_info":{"display_name":"Fabio","author_link":"https:\/\/www.fabiotordi.it\/blog\/?author=1"},"uagb_comment_info":0,"uagb_excerpt":"LA PI\u00d9 BELLA ESPERIENZA DEL 2024 Due tappe della VIA DEL SALE col mio bambino. In una bella giornata di luglio, Io e Leo partiamo da Capanne di Cosola. Non sappiamo quanto staremo via, quindi ho con me uno zaino grande pieno di cambi (e di acqua). Leo ha il suo zainetto di Bing, con&hellip;","_links":{"self":[{"href":"https:\/\/www.fabiotordi.it\/blog\/index.php?rest_route=\/wp\/v2\/posts\/3632","targetHints":{"allow":["GET"]}}],"collection":[{"href":"https:\/\/www.fabiotordi.it\/blog\/index.php?rest_route=\/wp\/v2\/posts"}],"about":[{"href":"https:\/\/www.fabiotordi.it\/blog\/index.php?rest_route=\/wp\/v2\/types\/post"}],"author":[{"embeddable":true,"href":"https:\/\/www.fabiotordi.it\/blog\/index.php?rest_route=\/wp\/v2\/users\/1"}],"replies":[{"embeddable":true,"href":"https:\/\/www.fabiotordi.it\/blog\/index.php?rest_route=%2Fwp%2Fv2%2Fcomments&post=3632"}],"version-history":[{"count":0,"href":"https:\/\/www.fabiotordi.it\/blog\/index.php?rest_route=\/wp\/v2\/posts\/3632\/revisions"}],"wp:attachment":[{"href":"https:\/\/www.fabiotordi.it\/blog\/index.php?rest_route=%2Fwp%2Fv2%2Fmedia&parent=3632"}],"wp:term":[{"taxonomy":"category","embeddable":true,"href":"https:\/\/www.fabiotordi.it\/blog\/index.php?rest_route=%2Fwp%2Fv2%2Fcategories&post=3632"},{"taxonomy":"post_tag","embeddable":true,"href":"https:\/\/www.fabiotordi.it\/blog\/index.php?rest_route=%2Fwp%2Fv2%2Ftags&post=3632"}],"curies":[{"name":"wp","href":"https:\/\/api.w.org\/{rel}","templated":true}]}}