{"id":3679,"date":"2024-12-08T14:48:16","date_gmt":"2024-12-08T13:48:16","guid":{"rendered":"https:\/\/www.fabiotordi.it\/blog\/?p=3679"},"modified":"2024-12-08T14:48:17","modified_gmt":"2024-12-08T13:48:17","slug":"un-mito-italiano","status":"publish","type":"post","link":"https:\/\/www.fabiotordi.it\/blog\/?p=3679","title":{"rendered":"Un mito italiano"},"content":{"rendered":"\n<p>Ho letto questo libro: &#8220;<strong>Un mito italiano<\/strong>&#8220;, a cura di Stefania Ponzone e Francesca Caneri. Ripercorre la storia del mitico <em>cinquino<\/em>, a cui io sono molto affezionato: di come \u00e8 nata l&#8217;idea, dei vari modelli, di come \u00e8 entrata nel costume e nel cuore degli italiani (e lo \u00e8 tuttora).<\/p>\n\n\n\n<p>E&#8217; entrata in pubblicit\u00e0, libri, cartoni animati, copertine, film, ecc. Ha fans in tutto il mondo che organizzano raduni ovunque, uno su tutti quello di Garlenda, paesino ligure dove \u00e8 nato il Fiat 500 Club italia (a cui io sono ovviamente iscritto), il club automobilistico di modello pi\u00f9 grande del mondo.<\/p>\n\n\n\n<p>C&#8217;\u00e8 una sezione ovviamente dedicata alla nascita e alla storia del Club.<\/p>\n\n\n\n<figure class=\"wp-block-image size-large\"><a href=\"https:\/\/www.fabiotordi.it\/blog\/wp-content\/uploads\/2024\/12\/462000953_10233096648218837_6067472510324450073_n.jpg\"><img loading=\"lazy\" decoding=\"async\" width=\"1024\" height=\"1024\" src=\"https:\/\/www.fabiotordi.it\/blog\/wp-content\/uploads\/2024\/12\/462000953_10233096648218837_6067472510324450073_n-1024x1024.jpg\" alt=\"\" class=\"wp-image-3680\" srcset=\"https:\/\/www.fabiotordi.it\/blog\/wp-content\/uploads\/2024\/12\/462000953_10233096648218837_6067472510324450073_n-1024x1024.jpg 1024w, https:\/\/www.fabiotordi.it\/blog\/wp-content\/uploads\/2024\/12\/462000953_10233096648218837_6067472510324450073_n-300x300.jpg 300w, https:\/\/www.fabiotordi.it\/blog\/wp-content\/uploads\/2024\/12\/462000953_10233096648218837_6067472510324450073_n-150x150.jpg 150w, https:\/\/www.fabiotordi.it\/blog\/wp-content\/uploads\/2024\/12\/462000953_10233096648218837_6067472510324450073_n-768x768.jpg 768w, https:\/\/www.fabiotordi.it\/blog\/wp-content\/uploads\/2024\/12\/462000953_10233096648218837_6067472510324450073_n-88x88.jpg 88w, https:\/\/www.fabiotordi.it\/blog\/wp-content\/uploads\/2024\/12\/462000953_10233096648218837_6067472510324450073_n-900x900.jpg 900w, https:\/\/www.fabiotordi.it\/blog\/wp-content\/uploads\/2024\/12\/462000953_10233096648218837_6067472510324450073_n-1280x1280.jpg 1280w, https:\/\/www.fabiotordi.it\/blog\/wp-content\/uploads\/2024\/12\/462000953_10233096648218837_6067472510324450073_n-250x250.jpg 250w, https:\/\/www.fabiotordi.it\/blog\/wp-content\/uploads\/2024\/12\/462000953_10233096648218837_6067472510324450073_n.jpg 1440w\" sizes=\"auto, (max-width: 1024px) 100vw, 1024px\" \/><\/a><\/figure>\n","protected":false},"excerpt":{"rendered":"<p>Ho letto questo libro: &#8220;Un mito italiano&#8220;, a cura di Stefania Ponzone e Francesca Caneri. Ripercorre la storia del mitico cinquino, a cui io sono molto affezionato: di come \u00e8 nata l&#8217;idea, dei vari modelli, di come \u00e8 entrata nel costume e nel cuore degli italiani (e lo \u00e8 tuttora). E&#8217; entrata in pubblicit\u00e0, libri, [&hellip;]<\/p>\n","protected":false},"author":1,"featured_media":0,"comment_status":"open","ping_status":"open","sticky":false,"template":"","format":"standard","meta":{"_uag_custom_page_level_css":"","footnotes":""},"categories":[3],"tags":[],"class_list":["post-3679","post","type-post","status-publish","format-standard","hentry","category-altro"],"uagb_featured_image_src":{"full":false,"thumbnail":false,"medium":false,"medium_large":false,"large":false,"1536x1536":false,"2048x2048":false,"post-thumbnail":false,"post-image":false,"post-image-cover":false,"tptn_thumbnail":false},"uagb_author_info":{"display_name":"Fabio","author_link":"https:\/\/www.fabiotordi.it\/blog\/?author=1"},"uagb_comment_info":0,"uagb_excerpt":"Ho letto questo libro: &#8220;Un mito italiano&#8220;, a cura di Stefania Ponzone e Francesca Caneri. Ripercorre la storia del mitico cinquino, a cui io sono molto affezionato: di come \u00e8 nata l&#8217;idea, dei vari modelli, di come \u00e8 entrata nel costume e nel cuore degli italiani (e lo \u00e8 tuttora). E&#8217; entrata in pubblicit\u00e0, libri,&hellip;","_links":{"self":[{"href":"https:\/\/www.fabiotordi.it\/blog\/index.php?rest_route=\/wp\/v2\/posts\/3679","targetHints":{"allow":["GET"]}}],"collection":[{"href":"https:\/\/www.fabiotordi.it\/blog\/index.php?rest_route=\/wp\/v2\/posts"}],"about":[{"href":"https:\/\/www.fabiotordi.it\/blog\/index.php?rest_route=\/wp\/v2\/types\/post"}],"author":[{"embeddable":true,"href":"https:\/\/www.fabiotordi.it\/blog\/index.php?rest_route=\/wp\/v2\/users\/1"}],"replies":[{"embeddable":true,"href":"https:\/\/www.fabiotordi.it\/blog\/index.php?rest_route=%2Fwp%2Fv2%2Fcomments&post=3679"}],"version-history":[{"count":0,"href":"https:\/\/www.fabiotordi.it\/blog\/index.php?rest_route=\/wp\/v2\/posts\/3679\/revisions"}],"wp:attachment":[{"href":"https:\/\/www.fabiotordi.it\/blog\/index.php?rest_route=%2Fwp%2Fv2%2Fmedia&parent=3679"}],"wp:term":[{"taxonomy":"category","embeddable":true,"href":"https:\/\/www.fabiotordi.it\/blog\/index.php?rest_route=%2Fwp%2Fv2%2Fcategories&post=3679"},{"taxonomy":"post_tag","embeddable":true,"href":"https:\/\/www.fabiotordi.it\/blog\/index.php?rest_route=%2Fwp%2Fv2%2Ftags&post=3679"}],"curies":[{"name":"wp","href":"https:\/\/api.w.org\/{rel}","templated":true}]}}