{"id":3739,"date":"2025-02-22T18:00:31","date_gmt":"2025-02-22T17:00:31","guid":{"rendered":"https:\/\/www.fabiotordi.it\/blog\/?p=3739"},"modified":"2025-02-20T18:01:31","modified_gmt":"2025-02-20T17:01:31","slug":"da-lodi-a-mazara-del-vallo-tutti-conoscono-ivo-del-brallo","status":"publish","type":"post","link":"https:\/\/www.fabiotordi.it\/blog\/?p=3739","title":{"rendered":"da Lodi a Mazara del Vallo tutti conoscono Ivo del Brallo"},"content":{"rendered":"\n<p>Successo il 22 gennaio 2025: ero a Milano, 7 e 30 del mattino, orario insolito per un incontro tra vari professionisti e imprenditori: avvocati, edili, architetti, editori, nutrizionisti, fotografi, personale trainer, consulenti finanziari, informatici, giardinieri, e chi pi\u00f9 ne ha pi\u00f9 ne metta. Parlo di me e della mia attivit\u00e0 e ad un certo punto in due mi dicono: ma tu sei IVO DEL BRALLO?<br>Per la serie &#8220;quanto \u00e8 piccolo il mondo&#8221; e per fare capire quanto Brallo aveva portato Ivo in giro per l&#8217;Italia, che basta dire la parola &#8220;Brallo&#8221; per fare scattare il collegamento con &#8220;Ivo&#8221;<\/p>\n\n\n\n<figure class=\"wp-block-image size-large\"><a href=\"https:\/\/www.fabiotordi.it\/blog\/wp-content\/uploads\/2025\/02\/474597176_10234691171120913_3726510080802103395_n.jpg\"><img loading=\"lazy\" decoding=\"async\" width=\"1024\" height=\"1024\" src=\"https:\/\/www.fabiotordi.it\/blog\/wp-content\/uploads\/2025\/02\/474597176_10234691171120913_3726510080802103395_n-1024x1024.jpg\" alt=\"\" class=\"wp-image-3740\" srcset=\"https:\/\/www.fabiotordi.it\/blog\/wp-content\/uploads\/2025\/02\/474597176_10234691171120913_3726510080802103395_n-1024x1024.jpg 1024w, https:\/\/www.fabiotordi.it\/blog\/wp-content\/uploads\/2025\/02\/474597176_10234691171120913_3726510080802103395_n-300x300.jpg 300w, https:\/\/www.fabiotordi.it\/blog\/wp-content\/uploads\/2025\/02\/474597176_10234691171120913_3726510080802103395_n-150x150.jpg 150w, https:\/\/www.fabiotordi.it\/blog\/wp-content\/uploads\/2025\/02\/474597176_10234691171120913_3726510080802103395_n-768x768.jpg 768w, https:\/\/www.fabiotordi.it\/blog\/wp-content\/uploads\/2025\/02\/474597176_10234691171120913_3726510080802103395_n-88x88.jpg 88w, https:\/\/www.fabiotordi.it\/blog\/wp-content\/uploads\/2025\/02\/474597176_10234691171120913_3726510080802103395_n-900x900.jpg 900w, https:\/\/www.fabiotordi.it\/blog\/wp-content\/uploads\/2025\/02\/474597176_10234691171120913_3726510080802103395_n-1280x1280.jpg 1280w, https:\/\/www.fabiotordi.it\/blog\/wp-content\/uploads\/2025\/02\/474597176_10234691171120913_3726510080802103395_n-250x250.jpg 250w, https:\/\/www.fabiotordi.it\/blog\/wp-content\/uploads\/2025\/02\/474597176_10234691171120913_3726510080802103395_n.jpg 1440w\" sizes=\"auto, (max-width: 1024px) 100vw, 1024px\" \/><\/a><\/figure>\n","protected":false},"excerpt":{"rendered":"<p>Successo il 22 gennaio 2025: ero a Milano, 7 e 30 del mattino, orario insolito per un incontro tra vari professionisti e imprenditori: avvocati, edili, architetti, editori, nutrizionisti, fotografi, personale trainer, consulenti finanziari, informatici, giardinieri, e chi pi\u00f9 ne ha pi\u00f9 ne metta. Parlo di me e della mia attivit\u00e0 e ad un certo punto [&hellip;]<\/p>\n","protected":false},"author":1,"featured_media":0,"comment_status":"open","ping_status":"open","sticky":false,"template":"","format":"standard","meta":{"_uag_custom_page_level_css":"","footnotes":""},"categories":[3],"tags":[],"class_list":["post-3739","post","type-post","status-publish","format-standard","hentry","category-altro"],"uagb_featured_image_src":{"full":false,"thumbnail":false,"medium":false,"medium_large":false,"large":false,"1536x1536":false,"2048x2048":false,"post-thumbnail":false,"post-image":false,"post-image-cover":false,"tptn_thumbnail":false},"uagb_author_info":{"display_name":"Fabio","author_link":"https:\/\/www.fabiotordi.it\/blog\/?author=1"},"uagb_comment_info":0,"uagb_excerpt":"Successo il 22 gennaio 2025: ero a Milano, 7 e 30 del mattino, orario insolito per un incontro tra vari professionisti e imprenditori: avvocati, edili, architetti, editori, nutrizionisti, fotografi, personale trainer, consulenti finanziari, informatici, giardinieri, e chi pi\u00f9 ne ha pi\u00f9 ne metta. Parlo di me e della mia attivit\u00e0 e ad un certo punto&hellip;","_links":{"self":[{"href":"https:\/\/www.fabiotordi.it\/blog\/index.php?rest_route=\/wp\/v2\/posts\/3739","targetHints":{"allow":["GET"]}}],"collection":[{"href":"https:\/\/www.fabiotordi.it\/blog\/index.php?rest_route=\/wp\/v2\/posts"}],"about":[{"href":"https:\/\/www.fabiotordi.it\/blog\/index.php?rest_route=\/wp\/v2\/types\/post"}],"author":[{"embeddable":true,"href":"https:\/\/www.fabiotordi.it\/blog\/index.php?rest_route=\/wp\/v2\/users\/1"}],"replies":[{"embeddable":true,"href":"https:\/\/www.fabiotordi.it\/blog\/index.php?rest_route=%2Fwp%2Fv2%2Fcomments&post=3739"}],"version-history":[{"count":0,"href":"https:\/\/www.fabiotordi.it\/blog\/index.php?rest_route=\/wp\/v2\/posts\/3739\/revisions"}],"wp:attachment":[{"href":"https:\/\/www.fabiotordi.it\/blog\/index.php?rest_route=%2Fwp%2Fv2%2Fmedia&parent=3739"}],"wp:term":[{"taxonomy":"category","embeddable":true,"href":"https:\/\/www.fabiotordi.it\/blog\/index.php?rest_route=%2Fwp%2Fv2%2Fcategories&post=3739"},{"taxonomy":"post_tag","embeddable":true,"href":"https:\/\/www.fabiotordi.it\/blog\/index.php?rest_route=%2Fwp%2Fv2%2Ftags&post=3739"}],"curies":[{"name":"wp","href":"https:\/\/api.w.org\/{rel}","templated":true}]}}