{"id":3821,"date":"2025-08-02T08:56:43","date_gmt":"2025-08-02T07:56:43","guid":{"rendered":"https:\/\/www.fabiotordi.it\/blog\/?p=3821"},"modified":"2025-07-25T08:58:41","modified_gmt":"2025-07-25T07:58:41","slug":"la-mela","status":"publish","type":"post","link":"https:\/\/www.fabiotordi.it\/blog\/?p=3821","title":{"rendered":"La mela"},"content":{"rendered":"\n<p>Ricordo una storia che mi raccontava sempre mia mamma <strong>Rita<\/strong>. Lei da piccola viveva in un paese <strong>povero<\/strong>, in una famiglia <strong>povera<\/strong>. Aveva cinque fratelli e in otto a tavola non ci si stava, ma solo i suoi genitori e i due fratelli pi\u00f9 grandi. Lei e i tre pi\u00f9 piccoli sedevano <strong>sulle scale<\/strong> con la zuppa di minestra <strong>in mano<\/strong>.<\/p>\n\n\n\n<p>Non si vergognava a dire che erano cos\u00ec poveri che anche il cibo era un problema e magari il pezzetto di pollo usato per il brodo lo mangiava il pap\u00e0, che faceva il muratore, mentre gli altri toccava solo il <strong>gusto <\/strong>e il <strong>profumo<\/strong>.<\/p>\n\n\n\n<p>Mi raccontava che alla domenica lei usciva di casa prestissimo, a volte prima dell&#8217;alba, come tutti i giorni per andare a <strong>pascolare<\/strong> le bestie insieme alla sua fida capretta, \u00e8 incrociava <strong>una signora<\/strong>, sua lontana parente, che ogni settimana le regalava <strong>una mela<\/strong>.<\/p>\n\n\n\n<p>A lei quella mela sembrava (ed era!) un regalo <strong>bellissimo<\/strong>. La custodiva gelosamente e se la mangiava con avidit\u00e0 nei pascoli sotto al Lesima, non lasciando quasi neanche il torsolo. Mi diceva che per tutta la settimana <strong>attendeva la domenica<\/strong> per incontrare quella donna che le avrebbe dato <strong>la mela<\/strong>.<\/p>\n\n\n\n<p>Quando ero pi\u00f9 adulto e il nostro gatto di casa chiedeva cibo anche se aveva gi\u00e0 mangiato lei gliene dava lo stesso ancora dicendo: &#8220;<em>io ho patito la fame, e so cosa vuol dire, \u00e8 una cosa brutta, e se il gatto ha fame io Io gliene do, visto che ora posso<\/em>.&#8221;<\/p>\n\n\n\n<figure class=\"wp-block-image size-large\"><a href=\"https:\/\/www.fabiotordi.it\/blog\/wp-content\/uploads\/2025\/07\/489567350_10235492598756103_7291796909941955301_n.jpg\"><img loading=\"lazy\" decoding=\"async\" width=\"1024\" height=\"1024\" src=\"https:\/\/www.fabiotordi.it\/blog\/wp-content\/uploads\/2025\/07\/489567350_10235492598756103_7291796909941955301_n-1024x1024.jpg\" alt=\"\" class=\"wp-image-3822\" srcset=\"https:\/\/www.fabiotordi.it\/blog\/wp-content\/uploads\/2025\/07\/489567350_10235492598756103_7291796909941955301_n-1024x1024.jpg 1024w, https:\/\/www.fabiotordi.it\/blog\/wp-content\/uploads\/2025\/07\/489567350_10235492598756103_7291796909941955301_n-300x300.jpg 300w, https:\/\/www.fabiotordi.it\/blog\/wp-content\/uploads\/2025\/07\/489567350_10235492598756103_7291796909941955301_n-150x150.jpg 150w, https:\/\/www.fabiotordi.it\/blog\/wp-content\/uploads\/2025\/07\/489567350_10235492598756103_7291796909941955301_n-768x768.jpg 768w, https:\/\/www.fabiotordi.it\/blog\/wp-content\/uploads\/2025\/07\/489567350_10235492598756103_7291796909941955301_n-88x88.jpg 88w, https:\/\/www.fabiotordi.it\/blog\/wp-content\/uploads\/2025\/07\/489567350_10235492598756103_7291796909941955301_n-900x900.jpg 900w, https:\/\/www.fabiotordi.it\/blog\/wp-content\/uploads\/2025\/07\/489567350_10235492598756103_7291796909941955301_n-1280x1280.jpg 1280w, https:\/\/www.fabiotordi.it\/blog\/wp-content\/uploads\/2025\/07\/489567350_10235492598756103_7291796909941955301_n-250x250.jpg 250w, https:\/\/www.fabiotordi.it\/blog\/wp-content\/uploads\/2025\/07\/489567350_10235492598756103_7291796909941955301_n.jpg 1440w\" sizes=\"auto, (max-width: 1024px) 100vw, 1024px\" \/><\/a><\/figure>\n","protected":false},"excerpt":{"rendered":"<p>Ricordo una storia che mi raccontava sempre mia mamma Rita. Lei da piccola viveva in un paese povero, in una famiglia povera. Aveva cinque fratelli e in otto a tavola non ci si stava, ma solo i suoi genitori e i due fratelli pi\u00f9 grandi. Lei e i tre pi\u00f9 piccoli sedevano sulle scale con [&hellip;]<\/p>\n","protected":false},"author":1,"featured_media":0,"comment_status":"open","ping_status":"open","sticky":false,"template":"","format":"standard","meta":{"_uag_custom_page_level_css":"","footnotes":""},"categories":[3],"tags":[],"class_list":["post-3821","post","type-post","status-publish","format-standard","hentry","category-altro"],"uagb_featured_image_src":{"full":false,"thumbnail":false,"medium":false,"medium_large":false,"large":false,"1536x1536":false,"2048x2048":false,"post-thumbnail":false,"post-image":false,"post-image-cover":false,"tptn_thumbnail":false},"uagb_author_info":{"display_name":"Fabio","author_link":"https:\/\/www.fabiotordi.it\/blog\/?author=1"},"uagb_comment_info":0,"uagb_excerpt":"Ricordo una storia che mi raccontava sempre mia mamma Rita. Lei da piccola viveva in un paese povero, in una famiglia povera. Aveva cinque fratelli e in otto a tavola non ci si stava, ma solo i suoi genitori e i due fratelli pi\u00f9 grandi. Lei e i tre pi\u00f9 piccoli sedevano sulle scale con&hellip;","_links":{"self":[{"href":"https:\/\/www.fabiotordi.it\/blog\/index.php?rest_route=\/wp\/v2\/posts\/3821","targetHints":{"allow":["GET"]}}],"collection":[{"href":"https:\/\/www.fabiotordi.it\/blog\/index.php?rest_route=\/wp\/v2\/posts"}],"about":[{"href":"https:\/\/www.fabiotordi.it\/blog\/index.php?rest_route=\/wp\/v2\/types\/post"}],"author":[{"embeddable":true,"href":"https:\/\/www.fabiotordi.it\/blog\/index.php?rest_route=\/wp\/v2\/users\/1"}],"replies":[{"embeddable":true,"href":"https:\/\/www.fabiotordi.it\/blog\/index.php?rest_route=%2Fwp%2Fv2%2Fcomments&post=3821"}],"version-history":[{"count":0,"href":"https:\/\/www.fabiotordi.it\/blog\/index.php?rest_route=\/wp\/v2\/posts\/3821\/revisions"}],"wp:attachment":[{"href":"https:\/\/www.fabiotordi.it\/blog\/index.php?rest_route=%2Fwp%2Fv2%2Fmedia&parent=3821"}],"wp:term":[{"taxonomy":"category","embeddable":true,"href":"https:\/\/www.fabiotordi.it\/blog\/index.php?rest_route=%2Fwp%2Fv2%2Fcategories&post=3821"},{"taxonomy":"post_tag","embeddable":true,"href":"https:\/\/www.fabiotordi.it\/blog\/index.php?rest_route=%2Fwp%2Fv2%2Ftags&post=3821"}],"curies":[{"name":"wp","href":"https:\/\/api.w.org\/{rel}","templated":true}]}}