{"id":6,"date":"2006-09-25T20:52:00","date_gmt":"2006-09-25T18:52:00","guid":{"rendered":"http:\/\/www.fabiotordi.it\/blog\/?p=5"},"modified":"2006-09-25T20:52:00","modified_gmt":"2006-09-25T18:52:00","slug":"ancora-campioni-del-mondo","status":"publish","type":"post","link":"https:\/\/www.fabiotordi.it\/blog\/?p=6","title":{"rendered":"(ancora) Campioni del mondo"},"content":{"rendered":"<p>Complimenti a <strong>Paolo Bettini<\/strong>, neo <strong>campione del mondo<\/strong> di ciclismo. Mi rincuora il fatto che \u00e8 un mio coetaneo, <strong>\u00e8 nato il giorno prima di me<\/strong>, cio\u00e8 il primo aprile 1974 (io sono nato il 2 aprile).<\/p>\n<p>Bene, quindi anche noi &#8220;<em>vecchietti<\/em>&#8221; (agonisticamente parlando) possiamo ancora dire la nostra, visto e considerato che ci sono ancora tanti bomber nel calcio in pienissima attivit\u00e0, visto che <strong>Capirossi<\/strong> (che ha vinto sempre ieri nel MotoGP) ha un anno in pi\u00f9 (sempre aprile, ma il 4), ecc. ecc.<\/p>\n<p>Un altra cosa che mi rincuora \u00e8 che <strong>Bettini sembra mio Zio<\/strong>. O sembra vecchio lui o sembro pi\u00f9 giovane io!!!<\/p>\n<div style=\"text-align: center\"><img decoding=\"async\" title=\"Paolo Bettini\" alt=\"Paolo Bettini\" src=\"http:\/\/www.fabiotordi.it\/blog\/img\/20060925-bettini.jpg\" \/><\/div>\n","protected":false},"excerpt":{"rendered":"<p>Complimenti a Paolo Bettini, neo campione del mondo di ciclismo. Mi rincuora il fatto che \u00e8 un mio coetaneo, \u00e8 nato il giorno prima di me, cio\u00e8 il primo aprile 1974 (io sono nato il 2 aprile). Bene, quindi anche noi &#8220;vecchietti&#8221; (agonisticamente parlando) possiamo ancora dire la nostra, visto e considerato che ci sono [&hellip;]<\/p>\n","protected":false},"author":1,"featured_media":0,"comment_status":"open","ping_status":"closed","sticky":false,"template":"","format":"standard","meta":{"_uag_custom_page_level_css":"","footnotes":""},"categories":[21],"tags":[],"class_list":["post-6","post","type-post","status-publish","format-standard","hentry","category-sport"],"uagb_featured_image_src":{"full":false,"thumbnail":false,"medium":false,"medium_large":false,"large":false,"1536x1536":false,"2048x2048":false,"post-thumbnail":false,"post-image":false,"post-image-cover":false,"tptn_thumbnail":false},"uagb_author_info":{"display_name":"Fabio","author_link":"https:\/\/www.fabiotordi.it\/blog\/?author=1"},"uagb_comment_info":0,"uagb_excerpt":"Complimenti a Paolo Bettini, neo campione del mondo di ciclismo. Mi rincuora il fatto che \u00e8 un mio coetaneo, \u00e8 nato il giorno prima di me, cio\u00e8 il primo aprile 1974 (io sono nato il 2 aprile). Bene, quindi anche noi &#8220;vecchietti&#8221; (agonisticamente parlando) possiamo ancora dire la nostra, visto e considerato che ci sono&hellip;","_links":{"self":[{"href":"https:\/\/www.fabiotordi.it\/blog\/index.php?rest_route=\/wp\/v2\/posts\/6","targetHints":{"allow":["GET"]}}],"collection":[{"href":"https:\/\/www.fabiotordi.it\/blog\/index.php?rest_route=\/wp\/v2\/posts"}],"about":[{"href":"https:\/\/www.fabiotordi.it\/blog\/index.php?rest_route=\/wp\/v2\/types\/post"}],"author":[{"embeddable":true,"href":"https:\/\/www.fabiotordi.it\/blog\/index.php?rest_route=\/wp\/v2\/users\/1"}],"replies":[{"embeddable":true,"href":"https:\/\/www.fabiotordi.it\/blog\/index.php?rest_route=%2Fwp%2Fv2%2Fcomments&post=6"}],"version-history":[{"count":0,"href":"https:\/\/www.fabiotordi.it\/blog\/index.php?rest_route=\/wp\/v2\/posts\/6\/revisions"}],"wp:attachment":[{"href":"https:\/\/www.fabiotordi.it\/blog\/index.php?rest_route=%2Fwp%2Fv2%2Fmedia&parent=6"}],"wp:term":[{"taxonomy":"category","embeddable":true,"href":"https:\/\/www.fabiotordi.it\/blog\/index.php?rest_route=%2Fwp%2Fv2%2Fcategories&post=6"},{"taxonomy":"post_tag","embeddable":true,"href":"https:\/\/www.fabiotordi.it\/blog\/index.php?rest_route=%2Fwp%2Fv2%2Ftags&post=6"}],"curies":[{"name":"wp","href":"https:\/\/api.w.org\/{rel}","templated":true}]}}