{"id":65,"date":"2006-12-23T15:18:14","date_gmt":"2006-12-23T13:18:14","guid":{"rendered":"http:\/\/www.fabiotordi.it\/?p=64"},"modified":"2006-12-23T15:18:14","modified_gmt":"2006-12-23T13:18:14","slug":"ancora-aneddoti","status":"publish","type":"post","link":"https:\/\/www.fabiotordi.it\/blog\/?p=65","title":{"rendered":"Ancora aneddoti"},"content":{"rendered":"<p>A grande richiesta ecco altri episodi verificatesi nel mio negozio.<\/p>\n<p>&#8212;<\/p>\n<p>Entra un tizio, guarda un completo da sci (giacca + pantalone) e mi dice:<br \/>\n&#8220;<em>Quanto costa questa giacca ?<\/em>&#8221;<br \/>\n&#8220;Costa solo <strong>100Euro<\/strong>, ma non \u00e8 una giacca, \u00e8 un completo&#8221;<br \/>\n&#8220;<em>Ah, \u00e8 un completo? Peccato, il prezzo era buono<\/em>&#8221;<br \/>\n&#8220;Beh, se vuole posso vendergli <strong>anche solo la giacca<\/strong> per 100Euro&#8221;<br \/>\n&#8220;<em>Ah si? Davvero pu\u00f2 farlo?<\/em>&#8221;<br \/>\n((Questo \u00e8 deficente!))<\/p>\n<p>&#8212;<\/p>\n<p>Entra una signora e mi dice:<br \/>\n&#8220;<em>Che taglia \u00e8 quello in vetrina?<\/em>&#8221;<br \/>\n((Grrr&#8230; signora ho 5 vetrine!!))<br \/>\n&#8220;Che cosa signora?&#8221;<br \/>\n&#8220;<em>Ma si, quello in vetrina, no?<\/em>&#8221;<br \/>\n&#8220;In quale vetrina, cara simpatica donnetta?&#8221;<br \/>\n&#8220;<em>Ma si, volevo solo chiedere la taglia adesso non ho tempo di provarlo, se mi dice la taglia&#8230;<\/em>&#8221;<br \/>\n&#8220;Va bene mia piccola nonnina, ma che cosa ha visto inn vetrina? Una giacca? Una maglia? Un cappotto? <strong>CHE COSA?<\/strong>&#8221;<br \/>\n&#8220;<em>Beh se non hai tempo di farmelo vedere, almeno dimmi che taglia \u00e8?<\/em>&#8221;<br \/>\n&#8220;Si ma che cosa? Senta egregia vecchina, <strong>me lo indichi con la mano!<\/strong>&#8221;<br \/>\n&#8220;<em>No io intendevo quello in vetrina&#8230;<\/em>&#8221;<br \/>\n((Ok ci rinuncio, ricoveratemi al pronto soccorso per esaurimento))<\/p>\n<p>&#8212;<\/p>\n<p>&#8220;<em>Ce li avete i gilet senza maniche?<\/em>&#8221;<br \/>\n&#8220;No, ho <strong>i gilet CON LE MANICHE<\/strong>&#8221;<br \/>\n&#8220;<em>A no, io li cercavo con le maniche!<\/em>&#8221;<br \/>\n((Ma pezzo di cretino, se si chiamano gilet \u00e8 perch\u00e8 <strong>NON HANNO LE MANICHE<\/strong>))<\/p>\n","protected":false},"excerpt":{"rendered":"<p>A grande richiesta ecco altri episodi verificatesi nel mio negozio. &#8212; Entra un tizio, guarda un completo da sci (giacca + pantalone) e mi dice: &#8220;Quanto costa questa giacca ?&#8221; &#8220;Costa solo 100Euro, ma non \u00e8 una giacca, \u00e8 un completo&#8221; &#8220;Ah, \u00e8 un completo? Peccato, il prezzo era buono&#8221; &#8220;Beh, se vuole posso vendergli [&hellip;]<\/p>\n","protected":false},"author":1,"featured_media":0,"comment_status":"open","ping_status":"closed","sticky":false,"template":"","format":"standard","meta":{"_uag_custom_page_level_css":"","footnotes":""},"categories":[8],"tags":[],"class_list":["post-65","post","type-post","status-publish","format-standard","hentry","category-cronache"],"uagb_featured_image_src":{"full":false,"thumbnail":false,"medium":false,"medium_large":false,"large":false,"1536x1536":false,"2048x2048":false,"post-thumbnail":false,"post-image":false,"post-image-cover":false,"tptn_thumbnail":false},"uagb_author_info":{"display_name":"Fabio","author_link":"https:\/\/www.fabiotordi.it\/blog\/?author=1"},"uagb_comment_info":0,"uagb_excerpt":"A grande richiesta ecco altri episodi verificatesi nel mio negozio. &#8212; Entra un tizio, guarda un completo da sci (giacca + pantalone) e mi dice: &#8220;Quanto costa questa giacca ?&#8221; &#8220;Costa solo 100Euro, ma non \u00e8 una giacca, \u00e8 un completo&#8221; &#8220;Ah, \u00e8 un completo? Peccato, il prezzo era buono&#8221; &#8220;Beh, se vuole posso vendergli&hellip;","_links":{"self":[{"href":"https:\/\/www.fabiotordi.it\/blog\/index.php?rest_route=\/wp\/v2\/posts\/65","targetHints":{"allow":["GET"]}}],"collection":[{"href":"https:\/\/www.fabiotordi.it\/blog\/index.php?rest_route=\/wp\/v2\/posts"}],"about":[{"href":"https:\/\/www.fabiotordi.it\/blog\/index.php?rest_route=\/wp\/v2\/types\/post"}],"author":[{"embeddable":true,"href":"https:\/\/www.fabiotordi.it\/blog\/index.php?rest_route=\/wp\/v2\/users\/1"}],"replies":[{"embeddable":true,"href":"https:\/\/www.fabiotordi.it\/blog\/index.php?rest_route=%2Fwp%2Fv2%2Fcomments&post=65"}],"version-history":[{"count":0,"href":"https:\/\/www.fabiotordi.it\/blog\/index.php?rest_route=\/wp\/v2\/posts\/65\/revisions"}],"wp:attachment":[{"href":"https:\/\/www.fabiotordi.it\/blog\/index.php?rest_route=%2Fwp%2Fv2%2Fmedia&parent=65"}],"wp:term":[{"taxonomy":"category","embeddable":true,"href":"https:\/\/www.fabiotordi.it\/blog\/index.php?rest_route=%2Fwp%2Fv2%2Fcategories&post=65"},{"taxonomy":"post_tag","embeddable":true,"href":"https:\/\/www.fabiotordi.it\/blog\/index.php?rest_route=%2Fwp%2Fv2%2Ftags&post=65"}],"curies":[{"name":"wp","href":"https:\/\/api.w.org\/{rel}","templated":true}]}}