{"id":70,"date":"2006-12-29T01:39:18","date_gmt":"2006-12-28T23:39:18","guid":{"rendered":"http:\/\/www.fabiotordi.it\/?p=69"},"modified":"2006-12-29T01:39:18","modified_gmt":"2006-12-28T23:39:18","slug":"spazio-di-calabi-yau-2003","status":"publish","type":"post","link":"https:\/\/www.fabiotordi.it\/blog\/?p=70","title":{"rendered":"Spazio di Calabi-Yau (2003)"},"content":{"rendered":"<p><font size=\"5\">Spazio di Calabi-Yau<\/font><\/p>\n<p>Mi manchi, lo grider\u00f2 alle stelle.<\/p>\n<p>Mi manchi, lo urler\u00f2 alla luna.<\/p>\n<p>Mi manchi. Posso solo sfogarmi,<\/p>\n<p>ma niente pu\u00f2 darmi<\/p>\n<p>quello che mi daresti tu.<\/p>\n<p>Mi manchi, piango, e nulla pi\u00f9.<\/p>\n<hr \/>\n<p> <font size=\"-1\"><strong>Commento<\/strong>: \u00e8 primavera 2003, sar\u00e0 stato aprile o maggio. Ero al Rolling Stone, discoteca di Milano, dove andavo spesso e dove dopo di allora sono andato sempre meno. Ero uscito per divertirmi, in un posto pieno di amici. L&#8217;unico posto (a parte il Giardinetto) dove potevao andare anche da solo, tanto sapevo che avrei trovato la compagnia. E il fatto strano \u00e8 che \u00e8 un locale di Milano, non dietro casa mia! Fatto sta che quella sera <strong>non mi diverto per niente<\/strong>, avevo ancora in testa una tipa. E cosi ho scritto queste poche righe. Il titolo non c&#8217;entra, come capita spesso per le cose che scrivo&#8230; se non che \u00e8 una di quelle cose cervellotiche da scienziatoni, che parla di cose dello spazio-tempo (vedi <a target=\"_blank\" href=\"http:\/\/it.wikipedia.org\/wiki\/Spazio_di_Calabi_-_Yau\">QUI<\/a>). E siccome io mi sentivo fuori sia dallo spazio che dal tempo, stavo male e sentivo dei gufi che volteggiavano sopra di me (insomma ero sotto di brutto)&#8230;<\/font><\/p>\n","protected":false},"excerpt":{"rendered":"<p>Spazio di Calabi-Yau Mi manchi, lo grider\u00f2 alle stelle. Mi manchi, lo urler\u00f2 alla luna. Mi manchi. Posso solo sfogarmi, ma niente pu\u00f2 darmi quello che mi daresti tu. Mi manchi, piango, e nulla pi\u00f9. Commento: \u00e8 primavera 2003, sar\u00e0 stato aprile o maggio. Ero al Rolling Stone, discoteca di Milano, dove andavo spesso e [&hellip;]<\/p>\n","protected":false},"author":1,"featured_media":0,"comment_status":"open","ping_status":"closed","sticky":false,"template":"","format":"standard","meta":{"_uag_custom_page_level_css":"","footnotes":""},"categories":[24],"tags":[],"class_list":["post-70","post","type-post","status-publish","format-standard","hentry","category-testi"],"uagb_featured_image_src":{"full":false,"thumbnail":false,"medium":false,"medium_large":false,"large":false,"1536x1536":false,"2048x2048":false,"post-thumbnail":false,"post-image":false,"post-image-cover":false,"tptn_thumbnail":false},"uagb_author_info":{"display_name":"Fabio","author_link":"https:\/\/www.fabiotordi.it\/blog\/?author=1"},"uagb_comment_info":0,"uagb_excerpt":"Spazio di Calabi-Yau Mi manchi, lo grider\u00f2 alle stelle. Mi manchi, lo urler\u00f2 alla luna. Mi manchi. Posso solo sfogarmi, ma niente pu\u00f2 darmi quello che mi daresti tu. Mi manchi, piango, e nulla pi\u00f9. Commento: \u00e8 primavera 2003, sar\u00e0 stato aprile o maggio. Ero al Rolling Stone, discoteca di Milano, dove andavo spesso e&hellip;","_links":{"self":[{"href":"https:\/\/www.fabiotordi.it\/blog\/index.php?rest_route=\/wp\/v2\/posts\/70","targetHints":{"allow":["GET"]}}],"collection":[{"href":"https:\/\/www.fabiotordi.it\/blog\/index.php?rest_route=\/wp\/v2\/posts"}],"about":[{"href":"https:\/\/www.fabiotordi.it\/blog\/index.php?rest_route=\/wp\/v2\/types\/post"}],"author":[{"embeddable":true,"href":"https:\/\/www.fabiotordi.it\/blog\/index.php?rest_route=\/wp\/v2\/users\/1"}],"replies":[{"embeddable":true,"href":"https:\/\/www.fabiotordi.it\/blog\/index.php?rest_route=%2Fwp%2Fv2%2Fcomments&post=70"}],"version-history":[{"count":0,"href":"https:\/\/www.fabiotordi.it\/blog\/index.php?rest_route=\/wp\/v2\/posts\/70\/revisions"}],"wp:attachment":[{"href":"https:\/\/www.fabiotordi.it\/blog\/index.php?rest_route=%2Fwp%2Fv2%2Fmedia&parent=70"}],"wp:term":[{"taxonomy":"category","embeddable":true,"href":"https:\/\/www.fabiotordi.it\/blog\/index.php?rest_route=%2Fwp%2Fv2%2Fcategories&post=70"},{"taxonomy":"post_tag","embeddable":true,"href":"https:\/\/www.fabiotordi.it\/blog\/index.php?rest_route=%2Fwp%2Fv2%2Ftags&post=70"}],"curies":[{"name":"wp","href":"https:\/\/api.w.org\/{rel}","templated":true}]}}