{"id":82,"date":"2005-11-03T21:42:55","date_gmt":"2005-11-03T19:42:55","guid":{"rendered":"http:\/\/www.fabiotordi.it\/?p=81"},"modified":"2005-11-03T21:42:55","modified_gmt":"2005-11-03T19:42:55","slug":"cofferati","status":"publish","type":"post","link":"https:\/\/www.fabiotordi.it\/blog\/?p=82","title":{"rendered":"Cofferati"},"content":{"rendered":"<p>Povero <strong><font color=\"#ff0000\">compagno<\/font><\/strong> Cofferati.<\/p>\n<p>Ricordo come i <font color=\"#ff0000\"><strong>comunisti<\/strong><\/font> (scusate se io chiamo &#8220;<strong><font color=\"#ff0000\">comunisti<\/font><\/strong>&#8221; tutti quelli che non stanno nel centrodestra, ma non riesco a fare troppe distinzioni) erano arrabbiati della candidatura dell&#8217;ex capo della <strong><font color=\"#ff0000\">CGIL<\/font><\/strong> a sindaco di Bologna, perch\u00e8 avrebbe tolto dalla scena un leader dei pi\u00f9 <strong><font color=\"#0000d7\">intelligenti<\/font><\/strong>, che avrebbe potuto portare la sinistra alla vittoria nazionale.<\/p>\n<p>E sono proprio loro adesso a contestare il loro vecchio amico, chiamandolo sceriffo e mandandogli a casa le <strong>bombe<\/strong>.<\/p>\n<p>Poevero <strong><font color=\"#ff0000\">compagno<\/font><\/strong> Cofferati, un altro personaggio che sta a sinistra in buonafede. Perch\u00e8 la sinistra \u00e8 la <strong><font color=\"#00d7ff\">terra delle illusioni<\/font><\/strong>, dove tutto \u00e8 buono e tutto \u00e8 giusto. Io che sono un sognatore ammiro tutto questo, ma quando apro gli occhi mi accorgo che non \u00e8 cos\u00ec. Vedo a sinistra tantissima gente che sta l\u00ec per convenienza, ad aspettare che arrivi la manna dal cielo. E se la <strong>manna<\/strong> non arriva allora si incazzano. Se qualcuno gli dice che non tutto gli \u00e8 dovuto allora vanno subito a fare i cortei, e qualche testa calda arriva alle bombe.<\/p>\n<p>Chiss\u00e0 che tristezza e malinconia per un uomo abituato a portare la gente in piazza, vedere che <strong><font color=\"#00ac00\"><em>la piazza gli si rivolta contro<\/em><\/font><\/strong>. Per\u00f2 finalmente capir\u00e0 che c&#8217;e&#8217;\u00a0differenza tra lanciare slogan, proteste e opposizione e invece governare e dover (haim\u00e8, ma la politica \u00e8 questa) scendere a <strong><font color=\"#6e6e6e\">compromessi<\/font><\/strong> per accontentare tutti, o meglio per minare meno possibile la libert\u00e0 di ognuno.<\/p>\n<p>Anche a me piacerebbe vivere in un mondo dove <strong><font color=\"#00ac00\">faccio i cazzi miei<\/font><\/strong>, guadagno tanto, ecc&#8230; ma se tutti facessimo cos\u00ec la tanto sbandierata difesa dei pi\u00f9 deboli dove finirebbe?<\/p>\n<p>Secondo me lo Sceriffo <strong><font color=\"#ff00ac\">Cofferati<\/font><\/strong> si sta finalmente disilludendo dal mondo delle favole.<\/p>\n","protected":false},"excerpt":{"rendered":"<p>Povero compagno Cofferati. Ricordo come i comunisti (scusate se io chiamo &#8220;comunisti&#8221; tutti quelli che non stanno nel centrodestra, ma non riesco a fare troppe distinzioni) erano arrabbiati della candidatura dell&#8217;ex capo della CGIL a sindaco di Bologna, perch\u00e8 avrebbe tolto dalla scena un leader dei pi\u00f9 intelligenti, che avrebbe potuto portare la sinistra alla [&hellip;]<\/p>\n","protected":false},"author":1,"featured_media":0,"comment_status":"open","ping_status":"closed","sticky":false,"template":"","format":"standard","meta":{"_uag_custom_page_level_css":"","footnotes":""},"categories":[3],"tags":[],"class_list":["post-82","post","type-post","status-publish","format-standard","hentry","category-altro"],"uagb_featured_image_src":{"full":false,"thumbnail":false,"medium":false,"medium_large":false,"large":false,"1536x1536":false,"2048x2048":false,"post-thumbnail":false,"post-image":false,"post-image-cover":false,"tptn_thumbnail":false},"uagb_author_info":{"display_name":"Fabio","author_link":"https:\/\/www.fabiotordi.it\/blog\/?author=1"},"uagb_comment_info":3,"uagb_excerpt":"Povero compagno Cofferati. Ricordo come i comunisti (scusate se io chiamo &#8220;comunisti&#8221; tutti quelli che non stanno nel centrodestra, ma non riesco a fare troppe distinzioni) erano arrabbiati della candidatura dell&#8217;ex capo della CGIL a sindaco di Bologna, perch\u00e8 avrebbe tolto dalla scena un leader dei pi\u00f9 intelligenti, che avrebbe potuto portare la sinistra alla&hellip;","_links":{"self":[{"href":"https:\/\/www.fabiotordi.it\/blog\/index.php?rest_route=\/wp\/v2\/posts\/82","targetHints":{"allow":["GET"]}}],"collection":[{"href":"https:\/\/www.fabiotordi.it\/blog\/index.php?rest_route=\/wp\/v2\/posts"}],"about":[{"href":"https:\/\/www.fabiotordi.it\/blog\/index.php?rest_route=\/wp\/v2\/types\/post"}],"author":[{"embeddable":true,"href":"https:\/\/www.fabiotordi.it\/blog\/index.php?rest_route=\/wp\/v2\/users\/1"}],"replies":[{"embeddable":true,"href":"https:\/\/www.fabiotordi.it\/blog\/index.php?rest_route=%2Fwp%2Fv2%2Fcomments&post=82"}],"version-history":[{"count":0,"href":"https:\/\/www.fabiotordi.it\/blog\/index.php?rest_route=\/wp\/v2\/posts\/82\/revisions"}],"wp:attachment":[{"href":"https:\/\/www.fabiotordi.it\/blog\/index.php?rest_route=%2Fwp%2Fv2%2Fmedia&parent=82"}],"wp:term":[{"taxonomy":"category","embeddable":true,"href":"https:\/\/www.fabiotordi.it\/blog\/index.php?rest_route=%2Fwp%2Fv2%2Fcategories&post=82"},{"taxonomy":"post_tag","embeddable":true,"href":"https:\/\/www.fabiotordi.it\/blog\/index.php?rest_route=%2Fwp%2Fv2%2Ftags&post=82"}],"curies":[{"name":"wp","href":"https:\/\/api.w.org\/{rel}","templated":true}]}}