{"id":92,"date":"2007-01-22T11:18:55","date_gmt":"2007-01-22T09:18:55","guid":{"rendered":"http:\/\/www.fabiotordi.it\/?p=91"},"modified":"2007-01-22T11:18:55","modified_gmt":"2007-01-22T09:18:55","slug":"nomi","status":"publish","type":"post","link":"https:\/\/www.fabiotordi.it\/blog\/?p=92","title":{"rendered":"Nomi"},"content":{"rendered":"<p>Il mio nome \u00e8 <strong>Fabio Tordi<\/strong>. Su questo non ci piove. Come tutti ho e ho avuto una serie di <strong>nomiglioli e soprannomi<\/strong>.<\/p>\n<p>Da bambino <strong>il mio nome non mi piaceva<\/strong>, mi pareva proprio brutto. Avrei preferito esser stato chiamato <strong>Claudio<\/strong> o tuttalpi\u00f9 Marco (sempre nomi romani comunque, si vede che avevo un certo feeling). Infatti i miei &#8220;amici invisibili&#8221; si chiamavano cos\u00ec.<br \/>\nGli zii e le zie mi chiamavano <strong>Fabiolino<\/strong>. Questo <strong>mi piaceva gi\u00e0 di pi\u00f9<\/strong>. Mio padre e mio fratello mi hanno sempre chiamato <strong>Fabio<\/strong>, invece mia madre e mia sorella <strong>Fa<\/strong>. La stragrande maggioranza degli amici mi chiamava <strong>Fa<\/strong>. Quando giocavo, il nome della mia &#8220;ditta&#8221;, della mia &#8220;squadra&#8221;, del mio pianeta, del mio albergo, ecc. era <strong>EffeTi<\/strong>. Insomma il mio nome non mi piaceva, avrei voluto un nome scelto da me, per\u00f2 la lettera F mi \u00e8 sempre piaciuta e cos\u00ec ho adottato le mie iniziali.<\/p>\n<div style=\"text-align: center\"><img decoding=\"async\" src=\"http:\/\/www.fabiotordi.it\/blog\/img\/20070121-fabio1.jpg\" \/><\/div>\n<p>Alle <strong>superiori<\/strong>, come sempre succede, sono diventato <strong>Tordi<\/strong>. Tra l&#8217;altro ero uno dei pochi ragazzi della mia classe con il cognome corto, quindi <strong>non avevo diminutivi<\/strong>. Anche in quel periodo l&#8217;unico diminutivo era <strong>Fa<\/strong>. Nel frattempo, gi\u00e0 da quando ero ancora alle medie, era nato un caso strano. Io ho sempre avuto tantissimi &#8220;<em><strong>amici estivi<\/strong><\/em>&#8221; cio\u00e8 ragazzini che passavano le vacanze a Brallo e che vedevo solo in quell&#8217;occasione. Quindi non erano dei veri e propri amici&#8230; penso che sia capitato anche a voi che da ragazzini passavate l&#8217;estate al mare, avrete avuto degli amichetti l\u00e0 no? Dicevo, durante una di queste estati, si era in pieno <strong>periodo dei Paninari<\/strong> (sar\u00e0 stato l&#8217;85 o l&#8217;86) alcuni ragazzi pi\u00f9 grandicelli di me hanno iniziato a chiamarmi &#8220;<strong>Siro<\/strong>&#8220;, che \u00e8 il nome di mio padre, <strong>pensando che fosse il mio cognome<\/strong>. Ancora adesso c&#8217;\u00e8 gente che pensa che sia il mio cognome. (Quando lo dico ai miei amici si mettono a ridere, ma credetemi \u00e8 cos\u00ec). Nelle estati successive la cosa si \u00e8 diffusa a macchia d&#8217;olio perch\u00e8 durante l&#8217;adolescenza conosci un sacco di gente. Ho iniziato a conoscere i ragazzi degli altri paesi (non i residenti, che gi\u00e0 conoscevo grazie alla scuola, ma quelli che avevano la casa e venivano solo nelle feste), ecc. ecc. Quindi il soprannome &#8220;Siro&#8221; si \u00e8 sparso, e un po&#8217; \u00e8 rimasto, anche quando hanno capito che non era il mio cognome.<\/p>\n<div style=\"text-align: center\"><img decoding=\"async\" src=\"http:\/\/www.fabiotordi.it\/blog\/img\/20070121-fabio2.jpg\" \/><\/div>\n<p>All&#8217;universit\u00e0 c&#8217;era Carlo, detto Giancarlo, che era un <strong>geniale personaggio<\/strong> (che <strong>non finir\u00f2 mai di ringraziare<\/strong> per l&#8217;aiuto che ci ha dato nell&#8217;ultimo esame, Controllo dei Processi). Uno dei suoi passatempi preferiti, a parte quello di riuscire ogni mattina a portare l&#8217;automobile proprio davanti alle aule del piano A, era quello di affibbiare nomiglioli a chiunque. A me \u00e8 toccato <strong>Speedy<\/strong>, per via di una bici <strong>BMX giallo-taxi<\/strong> che usavo per fare il tragitto stazione-nave. Siccome era una <strong>bici da bambino<\/strong> dovevo pedalare pi\u00f9 veloce, e sembrava che stessi pedalando come un matto&#8230; e cos\u00ec &#8220;speedy&#8221;.<\/p>\n<p>In quegli anni (e negli anni successivi&#8230;) scrivevo qualche piccola poesia, racconti, cose del genere. Per la carit\u00e0, <strong>mi fa sempre specie chiamarle poesie<\/strong>, sono solo delle cose che dalla testa riesco a fissare su un foglio. Emozioni di un momento. Le firmavo come &#8220;<strong>nessuno<\/strong>&#8220;. Non mi piaceva ancora nessuno dei nomi che mi erano sempre stati dati e pertanto come nomignolo mi sono scelto proprio il nome con cui aveva detto di chiamarsi Ulisse interrogato da Polifemo: nessuno. Ricordo ancora il mio primo indirizzo di posta elettronica: <strong>nessuno [chiocciola] jetai.unipv.it<\/strong> e il mio primissimo sito web: nowhere (\u00e8 ancora attivo, fatevi due risate: <u><a target=\"_blank\" href=\"http:\/\/www.jetai.org\/~nessuno\/\">http:\/\/www.jetai.org\/~nessuno\/<\/a>  <\/u>)<\/p>\n<div style=\"text-align: center\"><img decoding=\"async\" src=\"http:\/\/www.fabiotordi.it\/blog\/img\/20070121-fabio3.jpg\" \/><\/div>\n<p>Alcune amiche mi chiamano <strong>Fabi<\/strong>, mio nonno mi chiamava &#8220;<strong>il mio Fabione<\/strong>&#8220;, c&#8217;\u00e8 chi dice <strong>Fab <\/strong>e chi <strong>Fafa<\/strong>. Negli ultimi anni c&#8217;\u00e8 chi mi chiama Fabietto, che non mi fa certo impazzire ma \u00e8 sopportabile.<\/p>\n<p>In internet avevo bisogno di un <strong>nick universale,<\/strong> un nick col quale avrei potuto registrarmi ad innumerevoli servizi e siti e non trovarlo sempre gi\u00e0 occupato. Un giorno, per caso, stavo impazzendo a trovare un nome per registrarmi ad un servizio on line, quando ho unito il mio soprannome di un tempo &#8220;Siro&#8221; a quello di cui mi stavo occupando in quel periodo (il <strong>protocollo WAP<\/strong>), ed \u00e8 nato <strong>sirwap<\/strong>. Ormai sono 6 anni che in rete io sono sirwap. E&#8217; un nome che mi piace molto, perch\u00e8 non vuol dire nulla, ma suona bene, contiene un pezzo del nome di mio padre, \u00e8 sempre &#8220;libero&#8221; quando mi devo registrare a un forum, ecc.<\/p>\n<p>Ora che mi sono riappropriato del mio nome e cognome (si, adesso sono contento di chiamarmi cos\u00ec, mi piace), ho infatti due identit\u00e0 ufficiali.<br \/>\n<strong>Fabio Tordi<\/strong>: fabio [chiocciola] fabiotordi.it<br \/>\n<strong>sirwap<\/strong>: sirwap [chiocciola] forteweb.it<\/p>\n<div style=\"text-align: center\"><img decoding=\"async\" src=\"http:\/\/www.fabiotordi.it\/blog\/img\/20070121-fabio4.jpg\" \/><\/div>\n","protected":false},"excerpt":{"rendered":"<p>Il mio nome \u00e8 Fabio Tordi. Su questo non ci piove. Come tutti ho e ho avuto una serie di nomiglioli e soprannomi. Da bambino il mio nome non mi piaceva, mi pareva proprio brutto. Avrei preferito esser stato chiamato Claudio o tuttalpi\u00f9 Marco (sempre nomi romani comunque, si vede che avevo un certo feeling). [&hellip;]<\/p>\n","protected":false},"author":1,"featured_media":0,"comment_status":"open","ping_status":"closed","sticky":false,"template":"","format":"standard","meta":{"_uag_custom_page_level_css":"","footnotes":""},"categories":[15],"tags":[],"class_list":["post-92","post","type-post","status-publish","format-standard","hentry","category-me-stesso"],"uagb_featured_image_src":{"full":false,"thumbnail":false,"medium":false,"medium_large":false,"large":false,"1536x1536":false,"2048x2048":false,"post-thumbnail":false,"post-image":false,"post-image-cover":false,"tptn_thumbnail":false},"uagb_author_info":{"display_name":"Fabio","author_link":"https:\/\/www.fabiotordi.it\/blog\/?author=1"},"uagb_comment_info":8,"uagb_excerpt":"Il mio nome \u00e8 Fabio Tordi. Su questo non ci piove. Come tutti ho e ho avuto una serie di nomiglioli e soprannomi. Da bambino il mio nome non mi piaceva, mi pareva proprio brutto. Avrei preferito esser stato chiamato Claudio o tuttalpi\u00f9 Marco (sempre nomi romani comunque, si vede che avevo un certo feeling).&hellip;","_links":{"self":[{"href":"https:\/\/www.fabiotordi.it\/blog\/index.php?rest_route=\/wp\/v2\/posts\/92","targetHints":{"allow":["GET"]}}],"collection":[{"href":"https:\/\/www.fabiotordi.it\/blog\/index.php?rest_route=\/wp\/v2\/posts"}],"about":[{"href":"https:\/\/www.fabiotordi.it\/blog\/index.php?rest_route=\/wp\/v2\/types\/post"}],"author":[{"embeddable":true,"href":"https:\/\/www.fabiotordi.it\/blog\/index.php?rest_route=\/wp\/v2\/users\/1"}],"replies":[{"embeddable":true,"href":"https:\/\/www.fabiotordi.it\/blog\/index.php?rest_route=%2Fwp%2Fv2%2Fcomments&post=92"}],"version-history":[{"count":0,"href":"https:\/\/www.fabiotordi.it\/blog\/index.php?rest_route=\/wp\/v2\/posts\/92\/revisions"}],"wp:attachment":[{"href":"https:\/\/www.fabiotordi.it\/blog\/index.php?rest_route=%2Fwp%2Fv2%2Fmedia&parent=92"}],"wp:term":[{"taxonomy":"category","embeddable":true,"href":"https:\/\/www.fabiotordi.it\/blog\/index.php?rest_route=%2Fwp%2Fv2%2Fcategories&post=92"},{"taxonomy":"post_tag","embeddable":true,"href":"https:\/\/www.fabiotordi.it\/blog\/index.php?rest_route=%2Fwp%2Fv2%2Ftags&post=92"}],"curies":[{"name":"wp","href":"https:\/\/api.w.org\/{rel}","templated":true}]}}