{"id":97,"date":"2007-01-29T11:45:53","date_gmt":"2007-01-29T09:45:53","guid":{"rendered":"http:\/\/www.fabiotordi.it\/?p=96"},"modified":"2007-01-29T11:45:53","modified_gmt":"2007-01-29T09:45:53","slug":"mario-baratta-prima-puntata","status":"publish","type":"post","link":"https:\/\/www.fabiotordi.it\/blog\/?p=97","title":{"rendered":"Mario Baratta &#8211; Prima puntata"},"content":{"rendered":"<p>Era il <strong>1988<\/strong>. Avevo scelto di fare ragioneria<strong> per esclusione<\/strong>, non mi piaceva nulla, se non forse l&#8217;<strong>informatica<\/strong>, ma c&#8217;era solo a <strong>Pavia<\/strong>. E quindi, quel giorno di settembre di diciotto anni fa cominciavo la mia grande avventura all&#8217;<strong>Istituto Tecnico Commerciale e per Geometri Mario Baratta<\/strong> di Voghera (zona Pombio)<br \/>\nIl primo giorno di scuola <strong>sono arrivato tardi<\/strong> e c&#8217;erano solo due posti liberi: uno al primo e uno all&#8217;ultimo banco. <strong>Scelgo l&#8217;ultimo<\/strong>. Il mio compagno di banco \u00e8 <strong>Marco<\/strong> di Santa Giuletta. E&#8217; stato bocciato. Quello davanti a me lo conosco, <strong>Enzo<\/strong>, anche lui bocciato. Il suo socio \u00e8 <strong>Giancarlo<\/strong> di Casanova Staffora, anche lui ripetente. Ottimo inizio, sono circondato da gente che studia.<\/p>\n<p>Il mio impatto con le superiori <strong>\u00e8 stato traumatico<\/strong>, io ho vissuto per 14 anni al <strong>Passo del Brallo<\/strong>, capoluogo del comune di Brallo di Pregola. Ero un bambino, e pure montanaro. Qui invece c&#8217;era chi parlava di <em><strong>cagnare<\/strong><\/em> (termine oltrepadano che indica marinare la scuola), chi fumava (sigarette, per la carit\u00e0, ma ai miei occhi parevano <strong>eroinomani<\/strong>), chi aveva l&#8217;<strong>orecchino<\/strong> (orrore!). Insomma io che ero un <em>brav fi\u00f2<\/em> (cio\u00e8 uno <strong>sfigato<\/strong>) ero stato catapultato in un mondo di &#8220;grandi&#8221; (o che giocavano a fare i grandi).<\/p>\n<p>Ero molto timido e <strong>avevo paura di tutto<\/strong>. Paura dei professori, paura del preside, ma soprattutto paura di quello che avrei dovuto fare o dire. Passavo le giornate chiuso in camera mia a far finta di studiare. Relazioni sociali (a Voghera) pochissime <strong>se non nulle<\/strong>. Se penso a quanto sono cambiato da allora, che <strong>palestra di vita<\/strong> che \u00e8 stato il Baratta per me. Non sono cambiato nei valori, almeno non credo, <strong>non penso di essere diventato uno stronzo<\/strong> (magari! <strong>a volte tornerebbe utile<\/strong>). Ma non ho per nulla pi\u00f9 paura della gente, anzi al contrario me ne frego. Dico e faccio ci\u00f2 che ho in mente, non me la meno per nessun motivo e sono amico di tutti (infatti do del tu a tutti). E poi penso positivo (come Jovanotti) e <strong>non mollo mai<\/strong> (sono interista e ho la testa dura).<br \/>\nIl primo giorno mi hanno ovviamente fatto pagare anche <strong>la matricola<\/strong>. Ogni tanto vedo in giro i personaggi che all&#8217;epoca erano pi\u00f9 grandicelli di me e di cui avevo timore: mi sembrano tanto sfigati adesso&#8230; <strong>tanto grigi<\/strong>&#8230;. <font class=\"testo\">Come direbbe Vasco: &#8220;<em>Ma non ricordo se chi c&#8217;era aveva queste queste facce qui non mi dire che \u00e8 proprio cos\u00ec non mi dire che son quelli l\u00ec!<\/em>&#8220;<\/font><\/p>\n<p>In fondo ci sono stato circa un mese, poi <strong>la prof di Inglese<\/strong> (la Eddy) mi ha costretto a stare al primo banco, anche nelle altre ore. Cos\u00ec ho conosciuto quello che stava davanti, <strong>Fabio<\/strong>, un tipo strano ma simpatico, una persona sincera. Siamo stati compagni 3 anni, poi \u00e8 stato bocciato, ma siamo tuttora <strong>grandi amici<\/strong>. C&#8217;era un altro <strong>Fabio <\/strong>in classe, ogni tanto ci vediamo in giro (a dire la verit\u00e0 adesso sono anni che non lo vedo, magari in questi giorni una birra&#8230; cos\u00ec mi spieghi cosa combini, <strong>balordo<\/strong>)<br \/>\nIn <strong>gita<\/strong> (di un giorno) siamo andati a <strong>San Simone<\/strong>, localit\u00e0 lombarda, a <strong>sciare<\/strong>. Che gitarella&#8230; e va beh. Gli sci li abbiamo affittati l\u00e0. <strong>Una delle ultime volte che ho sciato<\/strong> in quel periodo, poi per 4 o 5 anni&#8230; niente. Diciamo che ero ancora bravino.<\/p>\n<p>In classe siamo sempre stati pi\u00f9 femmine che maschi. Devo dire che al Baratta c&#8217;era <strong>un bell&#8217;ambiente di ragazze<\/strong>. Se penso a quelli che facevano l&#8217;Itis o l&#8217;Ipsia&#8230; poveracci. Dunque fatemi pensare a chi c&#8217;e&#8217; stato solo in prima&#8230; beh Enzo, come dicevo, che <strong>\u00e8 stato bocciato ancora<\/strong> e se n&#8217;\u00e8 andato all&#8217;<strong>Alfieri<\/strong>, un tizio che ha resistito solo una settimana&#8230; e una ragazza che studiava come una bestia, infatti dopo qualche mese <strong>ha ceduto (di testa)<\/strong> e ha abbandonato&#8230;<\/p>\n<p>Il <strong>francese<\/strong> non mi entrava in testa e cos\u00ec a fine anno mi sono preso <strong>l&#8217;esame<\/strong> a settembre. Andavo bene in scienze e in dattilografia, in tutte le altre materie avevo 6. <strong>La solita cantilena<\/strong> che ho sempre sentito per tutta la mia carriera scolastica: sei intelligente e potresti fare di pi\u00f9. <strong>Che pizza!<\/strong><\/p>\n<div style=\"text-align: center\"><img decoding=\"async\" src=\"http:\/\/www.fabiotordi.it\/blog\/img\/20070126-baratta.jpg\" \/><\/div>\n<p>Arrivederci alle <strong>prossime puntate<\/strong>, dove vi racconter\u00f2 delle varie avventure capitate in quei <strong>meravigliosi 5 anni<\/strong>.<\/p>\n","protected":false},"excerpt":{"rendered":"<p>Era il 1988. Avevo scelto di fare ragioneria per esclusione, non mi piaceva nulla, se non forse l&#8217;informatica, ma c&#8217;era solo a Pavia. E quindi, quel giorno di settembre di diciotto anni fa cominciavo la mia grande avventura all&#8217;Istituto Tecnico Commerciale e per Geometri Mario Baratta di Voghera (zona Pombio) Il primo giorno di scuola [&hellip;]<\/p>\n","protected":false},"author":1,"featured_media":0,"comment_status":"open","ping_status":"closed","sticky":false,"template":"","format":"standard","meta":{"_uag_custom_page_level_css":"","footnotes":""},"categories":[15],"tags":[],"class_list":["post-97","post","type-post","status-publish","format-standard","hentry","category-me-stesso"],"uagb_featured_image_src":{"full":false,"thumbnail":false,"medium":false,"medium_large":false,"large":false,"1536x1536":false,"2048x2048":false,"post-thumbnail":false,"post-image":false,"post-image-cover":false,"tptn_thumbnail":false},"uagb_author_info":{"display_name":"Fabio","author_link":"https:\/\/www.fabiotordi.it\/blog\/?author=1"},"uagb_comment_info":1,"uagb_excerpt":"Era il 1988. Avevo scelto di fare ragioneria per esclusione, non mi piaceva nulla, se non forse l&#8217;informatica, ma c&#8217;era solo a Pavia. E quindi, quel giorno di settembre di diciotto anni fa cominciavo la mia grande avventura all&#8217;Istituto Tecnico Commerciale e per Geometri Mario Baratta di Voghera (zona Pombio) Il primo giorno di scuola&hellip;","_links":{"self":[{"href":"https:\/\/www.fabiotordi.it\/blog\/index.php?rest_route=\/wp\/v2\/posts\/97","targetHints":{"allow":["GET"]}}],"collection":[{"href":"https:\/\/www.fabiotordi.it\/blog\/index.php?rest_route=\/wp\/v2\/posts"}],"about":[{"href":"https:\/\/www.fabiotordi.it\/blog\/index.php?rest_route=\/wp\/v2\/types\/post"}],"author":[{"embeddable":true,"href":"https:\/\/www.fabiotordi.it\/blog\/index.php?rest_route=\/wp\/v2\/users\/1"}],"replies":[{"embeddable":true,"href":"https:\/\/www.fabiotordi.it\/blog\/index.php?rest_route=%2Fwp%2Fv2%2Fcomments&post=97"}],"version-history":[{"count":0,"href":"https:\/\/www.fabiotordi.it\/blog\/index.php?rest_route=\/wp\/v2\/posts\/97\/revisions"}],"wp:attachment":[{"href":"https:\/\/www.fabiotordi.it\/blog\/index.php?rest_route=%2Fwp%2Fv2%2Fmedia&parent=97"}],"wp:term":[{"taxonomy":"category","embeddable":true,"href":"https:\/\/www.fabiotordi.it\/blog\/index.php?rest_route=%2Fwp%2Fv2%2Fcategories&post=97"},{"taxonomy":"post_tag","embeddable":true,"href":"https:\/\/www.fabiotordi.it\/blog\/index.php?rest_route=%2Fwp%2Fv2%2Ftags&post=97"}],"curies":[{"name":"wp","href":"https:\/\/api.w.org\/{rel}","templated":true}]}}